{"id":1084,"date":"2021-09-17T14:59:00","date_gmt":"2021-09-17T12:59:00","guid":{"rendered":"http:\/\/www.tiarvro22.bzh\/?p=1084"},"modified":"2021-09-07T15:00:19","modified_gmt":"2021-09-07T13:00:19","slug":"abadenn-concert-roudil-bouguennec-a-cavan-24-09","status":"publish","type":"post","link":"https:\/\/www.tiarvro22.bzh\/index.php\/2021\/09\/17\/abadenn-concert-roudil-bouguennec-a-cavan-24-09\/","title":{"rendered":"ABADENN \/ CONCERT : Roudil-Bouguennec \u00e0 Cavan 24.09"},"content":{"rendered":"\n<p>Sonerezh Iwerzhon &amp; Breizh. Gwener 24 a viz gwengolo 9 eur noz.<br>5 \u20ac, 4 \u20ac liseidi ha studierien. Kreizenn ar son Kawan.24 septembre, 21h. Centre de d\u00e9couverte du son . Cavan. 5 \u20ac, 4 \u20ac<br>lyc\u00e9ens et \u00e9tudiants.<br>Dans ce duo fl\u00fbte-guitare, R\u00e9mi Bouguennec et Liam Roudil cr\u00e9ent une fusion musicale, naviguant aussi bien dans les musiques irlandaises ou bretonnes que dans leurs propres compositions.<br>Le fl\u00fbtiste R\u00e9mi Bouguennec d\u00e9veloppe sa musicalit\u00e9 et ses inspirations sur la sc\u00e8ne irlando-bretonne, notamment dans les formations Zorba, N\u00e2tah Big Band et Taouk trio, toutes trois proposant une approche tr\u00e8s personnelles de la musique traditionnelle. Il anime aussi les sessions hebdomadaires rennaises de musique irlandaise du Mod Koz aux c\u00f4t\u00e9s du joueur de cistre Ronan Pellen.<\/p>\n\n\n\n<p>Allant de la musique traditionnelle \u00e0 la musique du monde, les go\u00fbts musicaux \u00e9clectiques du guitariste Liam Roudil, enrichis de ses rencontres et collaborations musicales, l\u2019am\u00e8nent \u00e0 se produire<br>r\u00e9guli\u00e8rement sur sc\u00e8ne au travers des formations diverses (Zo\u00f1j, Esling, \u2026).<br>&#8211; <a href=\"https:\/\/www.youtube.com\/watch?v=QX8eC3dK2OU&amp;t=119s\">https:\/\/www.youtube.com\/watch?v=QX8eC3dK2OU&amp;t=119s<\/a><br>&#8211; <a href=\"https:\/\/www.youtube.com\/watch?v=XJ_VOk1TLGM\">https:\/\/www.youtube.com\/watch?v=XJ_VOk1TLGM<\/a><\/p>\n","protected":false},"excerpt":{"rendered":"<p>Sonerezh Iwerzhon &amp; Breizh. Gwener 24 a viz gwengolo 9 eur noz.5 \u20ac, 4 \u20ac liseidi ha studierien. Kreizenn ar son Kawan.24 septembre, 21h. Centre de d\u00e9couverte du son &#8230;. <a href=\"https:\/\/www.tiarvro22.bzh\/index.php\/2021\/09\/17\/abadenn-concert-roudil-bouguennec-a-cavan-24-09\/\">da heul &raquo;<\/a><\/p>\n","protected":false},"author":1,"featured_media":1085,"comment_status":"open","ping_status":"open","sticky":false,"template":"","format":"standard","meta":{"footnotes":""},"categories":[4],"tags":[],"class_list":["post-1084","post","type-post","status-publish","format-standard","has-post-thumbnail","hentry","category-concerts"],"views":1326,"_links":{"self":[{"href":"https:\/\/www.tiarvro22.bzh\/index.php\/wp-json\/wp\/v2\/posts\/1084","targetHints":{"allow":["GET"]}}],"collection":[{"href":"https:\/\/www.tiarvro22.bzh\/index.php\/wp-json\/wp\/v2\/posts"}],"about":[{"href":"https:\/\/www.tiarvro22.bzh\/index.php\/wp-json\/wp\/v2\/types\/post"}],"author":[{"embeddable":true,"href":"https:\/\/www.tiarvro22.bzh\/index.php\/wp-json\/wp\/v2\/users\/1"}],"replies":[{"embeddable":true,"href":"https:\/\/www.tiarvro22.bzh\/index.php\/wp-json\/wp\/v2\/comments?post=1084"}],"version-history":[{"count":1,"href":"https:\/\/www.tiarvro22.bzh\/index.php\/wp-json\/wp\/v2\/posts\/1084\/revisions"}],"predecessor-version":[{"id":1086,"href":"https:\/\/www.tiarvro22.bzh\/index.php\/wp-json\/wp\/v2\/posts\/1084\/revisions\/1086"}],"wp:featuredmedia":[{"embeddable":true,"href":"https:\/\/www.tiarvro22.bzh\/index.php\/wp-json\/wp\/v2\/media\/1085"}],"wp:attachment":[{"href":"https:\/\/www.tiarvro22.bzh\/index.php\/wp-json\/wp\/v2\/media?parent=1084"}],"wp:term":[{"taxonomy":"category","embeddable":true,"href":"https:\/\/www.tiarvro22.bzh\/index.php\/wp-json\/wp\/v2\/categories?post=1084"},{"taxonomy":"post_tag","embeddable":true,"href":"https:\/\/www.tiarvro22.bzh\/index.php\/wp-json\/wp\/v2\/tags?post=1084"}],"curies":[{"name":"wp","href":"https:\/\/api.w.org\/{rel}","templated":true}]}}