{"id":1203,"date":"2021-11-15T10:46:00","date_gmt":"2021-11-15T09:46:00","guid":{"rendered":"http:\/\/www.tiarvro22.bzh\/?p=1203"},"modified":"2021-11-08T10:48:03","modified_gmt":"2021-11-08T09:48:03","slug":"beilhadeg-dastum-veillee-bretonne-plougras-le-vendredi-19-novembre-a-20h30","status":"publish","type":"post","link":"https:\/\/www.tiarvro22.bzh\/index.php\/2021\/11\/15\/beilhadeg-dastum-veillee-bretonne-plougras-le-vendredi-19-novembre-a-20h30\/","title":{"rendered":"Beilhadeg Dastum \/ Veill\u00e9e bretonne Plougras le vendredi 19 novembre \u00e0 20h30"},"content":{"rendered":"\n<p><strong>40 vloaz &lsquo;zo brema\u00f1 eo bet kroget gant Dastum Bro-Dreger da enrolla\u00f1, da gempenn ha da rei\u00f1 d&rsquo;an dud da c&rsquo;ho\u00fbt petra &lsquo;oa hon sevenadur kanet, kontet pe sonet e Bro-Dreger hag e Bro-Oelou. Ar bloaz-ma\u00f1 c&rsquo;hoazh e kinnig deoc&rsquo;h skipailh Dastum Bro-Dreger ur programm hoalus ha dudius. Beilhadego\u00f9 a vo &lsquo;ba&rsquo; pep parrouz vihan eus ar vro. Ur wezh ar miz, e-pad ar goa\u00f1v e vo tu deoc&rsquo;h tremen un nozvezh bourrus o selaou konterien, kanerien pe sonerien a-feson. D&rsquo;ar Gwener 19 a viz Du oc&rsquo;h pedet da Blougraz evit ur veilhadeg deus ar c&rsquo;henta\u00f1 !<\/strong><\/p>\n\n\n\n<p>Dastum Bro-Dreger red\u00e9marre son cycle de veill\u00e9es d&rsquo;hiver dans le Tr\u00e9gor afin d\u2019animer les bourgs et d\u2019aller \u00e0 la rencontre de nos gloires locales, ceux qui ont le don, l\u2019espace d\u2019un instant, de nous faire rire, de nous \u00e9mouvoir ou de nous \u00e9merveiller. Devenu un lieu unique de l\u2019expression et de la cr\u00e9ation en langue bretonne, la veill\u00e9e redevient le ciment d\u2019une soci\u00e9t\u00e9. Un des endroits qui permet \u00e0 une communaut\u00e9 de se retrouver et d\u2019appr\u00e9cier ce sentiment de \u00ab vivre ensemble \u00bb.<br>Vendredi 19 novembre, c&rsquo;est le comit\u00e9 des f\u00eates de Plougras qui accueille l&rsquo;\u00e9v\u00e9nement. De nombreux conteurs, chanteurs et sonneurs ont r\u00e9pondu \u00e0 l&rsquo;invitation : Gilbert Goasdou\u00e9 &#8211; R\u00e9mi Gallou &#8211; Roger Le Buzulier &#8211; Maurice Prigent &#8211; Fran\u00e7ois Ricou &#8211; Fran\u00e7ois Lozac&rsquo;h &#8211; Kanfarted Lanleya &#8211; Skol Diwan Plounevez &#8211; Jacqueline Cornec &amp; Gaelle Tr\u00e9baol &#8211; Emile Le Gall et Christian Guizouarn &#8211; Gilbert Donval et Gilbert Philippe &#8211; Monique et Denise Le Guyader &#8211; Jean-Fran\u00e7ois Le Roy &#8211; Patrick Guerniou &#8211; Jean-Yves Lozac&rsquo;h et Michel Serandour<br>La veill\u00e9e est gratuite et malgr\u00e9 une programmation annonc\u00e9e, la sc\u00e8ne est libre et ouverte \u00e0 qui souhaiterait intervenir. Tout un chacun peu venir pousser la chansonnette, raconter une histoire ou jouer un petit air de musique&#8230; E brezhoneg evel just !<br><br><em>D\u00e9but \u00e0 20h30 &#8211; salle des f\u00eates de Plougras<\/em><br><em>Organisation : comit\u00e9 des f\u00eates de Plougras et Dastum Bro-Dreger<\/em><br><\/p>\n","protected":false},"excerpt":{"rendered":"<p>40 vloaz &lsquo;zo brema\u00f1 eo bet kroget gant Dastum Bro-Dreger da enrolla\u00f1, da gempenn ha da rei\u00f1 d&rsquo;an dud da c&rsquo;ho\u00fbt petra &lsquo;oa hon sevenadur kanet, kontet pe sonet e&#8230; <a href=\"https:\/\/www.tiarvro22.bzh\/index.php\/2021\/11\/15\/beilhadeg-dastum-veillee-bretonne-plougras-le-vendredi-19-novembre-a-20h30\/\">da heul &raquo;<\/a><\/p>\n","protected":false},"author":1,"featured_media":1204,"comment_status":"open","ping_status":"open","sticky":false,"template":"","format":"standard","meta":{"footnotes":""},"categories":[1],"tags":[],"class_list":["post-1203","post","type-post","status-publish","format-standard","has-post-thumbnail","hentry","category-non-classe"],"views":1152,"_links":{"self":[{"href":"https:\/\/www.tiarvro22.bzh\/index.php\/wp-json\/wp\/v2\/posts\/1203","targetHints":{"allow":["GET"]}}],"collection":[{"href":"https:\/\/www.tiarvro22.bzh\/index.php\/wp-json\/wp\/v2\/posts"}],"about":[{"href":"https:\/\/www.tiarvro22.bzh\/index.php\/wp-json\/wp\/v2\/types\/post"}],"author":[{"embeddable":true,"href":"https:\/\/www.tiarvro22.bzh\/index.php\/wp-json\/wp\/v2\/users\/1"}],"replies":[{"embeddable":true,"href":"https:\/\/www.tiarvro22.bzh\/index.php\/wp-json\/wp\/v2\/comments?post=1203"}],"version-history":[{"count":1,"href":"https:\/\/www.tiarvro22.bzh\/index.php\/wp-json\/wp\/v2\/posts\/1203\/revisions"}],"predecessor-version":[{"id":1205,"href":"https:\/\/www.tiarvro22.bzh\/index.php\/wp-json\/wp\/v2\/posts\/1203\/revisions\/1205"}],"wp:featuredmedia":[{"embeddable":true,"href":"https:\/\/www.tiarvro22.bzh\/index.php\/wp-json\/wp\/v2\/media\/1204"}],"wp:attachment":[{"href":"https:\/\/www.tiarvro22.bzh\/index.php\/wp-json\/wp\/v2\/media?parent=1203"}],"wp:term":[{"taxonomy":"category","embeddable":true,"href":"https:\/\/www.tiarvro22.bzh\/index.php\/wp-json\/wp\/v2\/categories?post=1203"},{"taxonomy":"post_tag","embeddable":true,"href":"https:\/\/www.tiarvro22.bzh\/index.php\/wp-json\/wp\/v2\/tags?post=1203"}],"curies":[{"name":"wp","href":"https:\/\/api.w.org\/{rel}","templated":true}]}}