{"id":1233,"date":"2021-11-30T12:00:45","date_gmt":"2021-11-30T11:00:45","guid":{"rendered":"http:\/\/www.tiarvro22.bzh\/?p=1233"},"modified":"2021-11-30T12:00:46","modified_gmt":"2021-11-30T11:00:46","slug":"prezegenn-conference-a-ti-ar-vro-le-15-12-avec-nil-caouissin","status":"publish","type":"post","link":"https:\/\/www.tiarvro22.bzh\/index.php\/2021\/11\/30\/prezegenn-conference-a-ti-ar-vro-le-15-12-avec-nil-caouissin\/","title":{"rendered":"Prezegenn \/ Conf\u00e9rence \u00e0 Ti ar Vro le 15.12 avec Nil Caouissin"},"content":{"rendered":"\n<p><strong>Conf\u00e9rence de Nil Caouissin sur \u00ab&nbsp;le statut de r\u00e9sident en Bretagne&nbsp;\u00bb,<\/strong><br>\u00e0 Ti ar Vro Treger-Gouelo\u00f9, Cavan, le mercredi 15 D\u00e9cembre 2021 \u00e0 20h30, gratuit, ouvert \u00e0 tous, masques et pass sanitaires obligatoires, en breton. Organisation Levraoueg Hollvrezhonek Kawan (BCA22), Ti ar Vro.<\/p>\n\n\n\n<p>Un statut de r\u00e9sident en Bretagne ?<br>Discussion avec l&rsquo;auteur du \u00ab\u00a0Manifeste pour un statut de r\u00e9sident en Bretagne\u00a0\u00bb, en breton, <strong>le 15 d\u00e9cembre \u00e0 20h30 \u00e0 Ti ar <\/strong><strong>Vro Treger ha Gouelo\u00f9, Cavan.<\/strong><br><br>L&rsquo;immobilier flambe en Bretagne et par endroits, c&rsquo;est m\u00eame la p\u00e9nurie de logements. Le droit fondamental \u00e0 \u00ab\u00a0vivre au pays\u00a0\u00bb n&rsquo;est plus<br>garanti. Face \u00e0 cette crise, beaucoup renoncent \u00e0 prendre un emploi faute de logement \u00e0 proximit\u00e9, n&rsquo;osent pas d\u00e9m\u00e9nager, ou s&rsquo;installent<br>loin de leur travail. La r\u00e9ponse habituelle aux difficult\u00e9s de logement, construire plus, ne fonctionnera bient\u00f4t plus car il est essentiel de prot\u00e9ger les terres agricoles.<br>Dans ce contexte, l&rsquo;auteur propose d&rsquo;autres pistes pour garantir le droit au logement, dont celle d&rsquo;un statut de r\u00e9sident. L&rsquo;objectif est de faire prioriser le logement \u00e0 l&rsquo;ann\u00e9e sur la vill\u00e9giature et les locations touristiques. La Bretagne comptait, aux derni\u00e8res nouvelles, 300 000 r\u00e9sidences secondaires. De quoi loger 600 000 personnes, plus que toute la population des C\u00f4tes d&rsquo;Armor.<\/p>\n","protected":false},"excerpt":{"rendered":"<p>Conf\u00e9rence de Nil Caouissin sur \u00ab&nbsp;le statut de r\u00e9sident en Bretagne&nbsp;\u00bb,\u00e0 Ti ar Vro Treger-Gouelo\u00f9, Cavan, le mercredi 15 D\u00e9cembre 2021 \u00e0 20h30, gratuit, ouvert \u00e0 tous, masques et pass&#8230; <a href=\"https:\/\/www.tiarvro22.bzh\/index.php\/2021\/11\/30\/prezegenn-conference-a-ti-ar-vro-le-15-12-avec-nil-caouissin\/\">da heul &raquo;<\/a><\/p>\n","protected":false},"author":1,"featured_media":1234,"comment_status":"open","ping_status":"open","sticky":false,"template":"","format":"standard","meta":{"footnotes":""},"categories":[1],"tags":[],"class_list":["post-1233","post","type-post","status-publish","format-standard","has-post-thumbnail","hentry","category-non-classe"],"views":1105,"_links":{"self":[{"href":"https:\/\/www.tiarvro22.bzh\/index.php\/wp-json\/wp\/v2\/posts\/1233","targetHints":{"allow":["GET"]}}],"collection":[{"href":"https:\/\/www.tiarvro22.bzh\/index.php\/wp-json\/wp\/v2\/posts"}],"about":[{"href":"https:\/\/www.tiarvro22.bzh\/index.php\/wp-json\/wp\/v2\/types\/post"}],"author":[{"embeddable":true,"href":"https:\/\/www.tiarvro22.bzh\/index.php\/wp-json\/wp\/v2\/users\/1"}],"replies":[{"embeddable":true,"href":"https:\/\/www.tiarvro22.bzh\/index.php\/wp-json\/wp\/v2\/comments?post=1233"}],"version-history":[{"count":1,"href":"https:\/\/www.tiarvro22.bzh\/index.php\/wp-json\/wp\/v2\/posts\/1233\/revisions"}],"predecessor-version":[{"id":1235,"href":"https:\/\/www.tiarvro22.bzh\/index.php\/wp-json\/wp\/v2\/posts\/1233\/revisions\/1235"}],"wp:featuredmedia":[{"embeddable":true,"href":"https:\/\/www.tiarvro22.bzh\/index.php\/wp-json\/wp\/v2\/media\/1234"}],"wp:attachment":[{"href":"https:\/\/www.tiarvro22.bzh\/index.php\/wp-json\/wp\/v2\/media?parent=1233"}],"wp:term":[{"taxonomy":"category","embeddable":true,"href":"https:\/\/www.tiarvro22.bzh\/index.php\/wp-json\/wp\/v2\/categories?post=1233"},{"taxonomy":"post_tag","embeddable":true,"href":"https:\/\/www.tiarvro22.bzh\/index.php\/wp-json\/wp\/v2\/tags?post=1233"}],"curies":[{"name":"wp","href":"https:\/\/api.w.org\/{rel}","templated":true}]}}