{"id":1412,"date":"2022-03-01T17:30:03","date_gmt":"2022-03-01T16:30:03","guid":{"rendered":"http:\/\/www.tiarvro22.bzh\/?p=1412"},"modified":"2022-03-01T17:30:04","modified_gmt":"2022-03-01T16:30:04","slug":"fest-noz-des-lyceens-12-03","status":"publish","type":"post","link":"https:\/\/www.tiarvro22.bzh\/index.php\/2022\/03\/01\/fest-noz-des-lyceens-12-03\/","title":{"rendered":"Fest-noz des lyc\u00e9ens &#8211; 12.03"},"content":{"rendered":"\n<p>Adla\u00f1set e vo fest-noz al liseidi gant Ti ar Vro d&rsquo;ar <strong>Sadorn 12 a viz Meurzh e Kawan.<\/strong> Un digarez brav eo d&rsquo;ar reo\u00f9 yaouank kreig\u00f1 gant ar vicher, mont war al leurenn, pleustri\u00f1 da lakaat an dud da za\u00f1sal. Deuit niverus neuze da selaou leurenn nevez ar festo\u00f9-noz.<\/p>\n\n\n\n<p><em>Dans le sillage du concours Interlyc\u00e9es, de nombreux jeunes lyc\u00e9ens dansent et jouent de la musique bretonne \u00e0 l&rsquo;aise dans leur si\u00e8cle. Ti ar Vro les accompagne tout au long de l&rsquo;ann\u00e9e pour les aider \u00e0 s&rsquo;\u00e9panouir, former des groupes, les faire jouer, organiser le concours Interlyc\u00e9es, entreprendre l&rsquo;organisation d&rsquo;\u00e9v\u00e9nements. Pour cette soir\u00e9e, Ti ar Vro et les lyc\u00e9ens de Dantec ont rassembl\u00e9 des groupes d\u00e9j\u00e0 connus des sc\u00e8nes locales et bretonnes comme <strong>Llym, les Fr\u00e8res Le Bras,<\/strong> le duo plus rare <strong>Marius Girault et Loan Cornic <\/strong>(fl\u00fbte-guitare), le groupe <strong>Skrijus <\/strong>nouveaux venus prometteurs et le tr\u00e8s jeune duo form\u00e9 par <strong>Envel et Th\u00e9lo<\/strong> (sax-tambour). Ce sera \u00e9galement l&rsquo;occasion d&rsquo;accueillir de nouveau les 2\u00e8me du concours Interlyc\u00e9es 2019, le groupe <strong>Digabestr<\/strong>.<br>Ne manquez pas cette soir\u00e9e avec la g\u00e9n\u00e9ration montante de la sc\u00e8ne tr\u00e9gorroise. Venez les soutenir et les encourager. La soir\u00e9e est en plus organis\u00e9e avec et pour les lyc\u00e9ens. Startijenn &lsquo;vo !<br><br>Salle des f\u00eates de Cavan &#8211; 21h &#8211; 6\u20ac, gratuit pour les lyc\u00e9ens &#8211; Pass sanitaire<\/em><\/p>\n","protected":false},"excerpt":{"rendered":"<p>Adla\u00f1set e vo fest-noz al liseidi gant Ti ar Vro d&rsquo;ar Sadorn 12 a viz Meurzh e Kawan. Un digarez brav eo d&rsquo;ar reo\u00f9 yaouank kreig\u00f1 gant ar vicher, mont&#8230; <a href=\"https:\/\/www.tiarvro22.bzh\/index.php\/2022\/03\/01\/fest-noz-des-lyceens-12-03\/\">da heul &raquo;<\/a><\/p>\n","protected":false},"author":1,"featured_media":1413,"comment_status":"open","ping_status":"open","sticky":false,"template":"","format":"standard","meta":{"footnotes":""},"categories":[2],"tags":[],"class_list":["post-1412","post","type-post","status-publish","format-standard","has-post-thumbnail","hentry","category-festou-noz"],"views":1203,"_links":{"self":[{"href":"https:\/\/www.tiarvro22.bzh\/index.php\/wp-json\/wp\/v2\/posts\/1412","targetHints":{"allow":["GET"]}}],"collection":[{"href":"https:\/\/www.tiarvro22.bzh\/index.php\/wp-json\/wp\/v2\/posts"}],"about":[{"href":"https:\/\/www.tiarvro22.bzh\/index.php\/wp-json\/wp\/v2\/types\/post"}],"author":[{"embeddable":true,"href":"https:\/\/www.tiarvro22.bzh\/index.php\/wp-json\/wp\/v2\/users\/1"}],"replies":[{"embeddable":true,"href":"https:\/\/www.tiarvro22.bzh\/index.php\/wp-json\/wp\/v2\/comments?post=1412"}],"version-history":[{"count":1,"href":"https:\/\/www.tiarvro22.bzh\/index.php\/wp-json\/wp\/v2\/posts\/1412\/revisions"}],"predecessor-version":[{"id":1414,"href":"https:\/\/www.tiarvro22.bzh\/index.php\/wp-json\/wp\/v2\/posts\/1412\/revisions\/1414"}],"wp:featuredmedia":[{"embeddable":true,"href":"https:\/\/www.tiarvro22.bzh\/index.php\/wp-json\/wp\/v2\/media\/1413"}],"wp:attachment":[{"href":"https:\/\/www.tiarvro22.bzh\/index.php\/wp-json\/wp\/v2\/media?parent=1412"}],"wp:term":[{"taxonomy":"category","embeddable":true,"href":"https:\/\/www.tiarvro22.bzh\/index.php\/wp-json\/wp\/v2\/categories?post=1412"},{"taxonomy":"post_tag","embeddable":true,"href":"https:\/\/www.tiarvro22.bzh\/index.php\/wp-json\/wp\/v2\/tags?post=1412"}],"curies":[{"name":"wp","href":"https:\/\/api.w.org\/{rel}","templated":true}]}}