{"id":1613,"date":"2022-09-02T10:01:26","date_gmt":"2022-09-02T08:01:26","guid":{"rendered":"http:\/\/www.tiarvro22.bzh\/?p=1613"},"modified":"2022-09-02T10:01:26","modified_gmt":"2022-09-02T08:01:26","slug":"dazont-ar-veilhadegou-et-les-veillees-bretonnes","status":"publish","type":"post","link":"https:\/\/www.tiarvro22.bzh\/index.php\/2022\/09\/02\/dazont-ar-veilhadegou-et-les-veillees-bretonnes\/","title":{"rendered":"DAZONT AR VEILHADEGOU ? Et les veill\u00e9es bretonnes ?"},"content":{"rendered":"\n<p>Pas facile de reprendre les veill\u00e9es bretonnes. Les 2 ann\u00e9es chaotiques qui viennent de passer ont eu raison de quelques organisateurs. Certains intervenants nous ont aussi malheureusement quitt\u00e9. Dastum propose donc une r\u00e9union de concertation avec tous les intervenants et les personnes int\u00e9ress\u00e9es par les veill\u00e9es <strong>le samedi 17 septembre \u00e0 10h \u00e0 Ti ar Vro \u00e0 Cavan.<\/strong> Une des id\u00e9es avanc\u00e9es serait peut-\u00eatre de recr\u00e9er une \u00e9uqipe comme du temps de Maria Prat pr\u00eate \u00e0 r\u00e9p\u00e9ter des sketchs et autres sayn\u00e8tes en amont pour 5 \u00e0 6 repr\u00e9sentations dans l&rsquo;hiver dans les communes du Tr\u00e9gor. La formule pourrait ainsi plus ais\u00e9ment int\u00e9grer de nouveaux locuteurs ou des personnes plus timides qui seraient mises en confiance par une r\u00e9p\u00e9tition encadr\u00e9e. Si ce projet vous int\u00e9resse ou si vous avez d&rsquo;autres id\u00e9es. Rendez-vous donc le 17 septembre \u00e0 Cavan.<br>Renseignements \u00e9ventuels : 0296498055 &#8211; kerouspic@yahoo.fr<\/p>\n","protected":false},"excerpt":{"rendered":"<p>Pas facile de reprendre les veill\u00e9es bretonnes. Les 2 ann\u00e9es chaotiques qui viennent de passer ont eu raison de quelques organisateurs. Certains intervenants nous ont aussi malheureusement quitt\u00e9. Dastum propose&#8230; <a href=\"https:\/\/www.tiarvro22.bzh\/index.php\/2022\/09\/02\/dazont-ar-veilhadegou-et-les-veillees-bretonnes\/\">da heul &raquo;<\/a><\/p>\n","protected":false},"author":1,"featured_media":1614,"comment_status":"open","ping_status":"open","sticky":false,"template":"","format":"standard","meta":{"footnotes":""},"categories":[7],"tags":[],"class_list":["post-1613","post","type-post","status-publish","format-standard","has-post-thumbnail","hentry","category-reunion"],"views":1448,"_links":{"self":[{"href":"https:\/\/www.tiarvro22.bzh\/index.php\/wp-json\/wp\/v2\/posts\/1613","targetHints":{"allow":["GET"]}}],"collection":[{"href":"https:\/\/www.tiarvro22.bzh\/index.php\/wp-json\/wp\/v2\/posts"}],"about":[{"href":"https:\/\/www.tiarvro22.bzh\/index.php\/wp-json\/wp\/v2\/types\/post"}],"author":[{"embeddable":true,"href":"https:\/\/www.tiarvro22.bzh\/index.php\/wp-json\/wp\/v2\/users\/1"}],"replies":[{"embeddable":true,"href":"https:\/\/www.tiarvro22.bzh\/index.php\/wp-json\/wp\/v2\/comments?post=1613"}],"version-history":[{"count":1,"href":"https:\/\/www.tiarvro22.bzh\/index.php\/wp-json\/wp\/v2\/posts\/1613\/revisions"}],"predecessor-version":[{"id":1615,"href":"https:\/\/www.tiarvro22.bzh\/index.php\/wp-json\/wp\/v2\/posts\/1613\/revisions\/1615"}],"wp:featuredmedia":[{"embeddable":true,"href":"https:\/\/www.tiarvro22.bzh\/index.php\/wp-json\/wp\/v2\/media\/1614"}],"wp:attachment":[{"href":"https:\/\/www.tiarvro22.bzh\/index.php\/wp-json\/wp\/v2\/media?parent=1613"}],"wp:term":[{"taxonomy":"category","embeddable":true,"href":"https:\/\/www.tiarvro22.bzh\/index.php\/wp-json\/wp\/v2\/categories?post=1613"},{"taxonomy":"post_tag","embeddable":true,"href":"https:\/\/www.tiarvro22.bzh\/index.php\/wp-json\/wp\/v2\/tags?post=1613"}],"curies":[{"name":"wp","href":"https:\/\/api.w.org\/{rel}","templated":true}]}}