{"id":212,"date":"2020-01-12T16:57:00","date_gmt":"2020-01-12T15:57:00","guid":{"rendered":"http:\/\/www.tiarvro22.bzh\/?p=212"},"modified":"2020-01-07T16:58:23","modified_gmt":"2020-01-07T15:58:23","slug":"kan-ar-vartoloded-2021","status":"publish","type":"post","link":"https:\/\/www.tiarvro22.bzh\/index.php\/2020\/01\/12\/kan-ar-vartoloded-2021\/","title":{"rendered":"KAN AR VARTOLODED 2021"},"content":{"rendered":"\n<p><strong>Festival du Chant de Marins<br><em>Les 13, 14 et 15 ao\u00fbt 2021, <\/em><\/strong><\/p>\n\n\n\n<p><strong>EMBARQUEMENT POUR LA QUINZI\u00c8ME \u00c9DITION<\/strong><\/p>\n\n\n\n<p><em>En\n trente ans, le Festival du Chant de Marin nous a d\u00e9j\u00e0 fait faire le \ntour du Monde&#8230; d&rsquo;Afrique en Asie, en Am\u00e9rique, de la Celtie aux \nBalkans, des Suds aux \u00eeles\u2026 Pour sa quinzi\u00e8me \u00e9dition (13, 14 et 15 ao\u00fbt\n 2021), il nous invite \u00e0 d\u00e9couvrir les <\/em><\/p>\n\n\n\n<p>\u2026<strong>\u00ab&nbsp;ESCALES ITALIENNES \u00bb<\/strong><\/p>\n\n\n\n<p>Une\n quinzi\u00e8me \u00e9dition, c&rsquo;est encore un cap \u00e0 franchir. Ce sera en m\u00eame \ntemps une p\u00e9ninsule \u00e0 visiter&#8230; En 2021, le Festival du Chant de Marin \nnous propose de parcourir l&rsquo;Italie, de port en port, jusqu&rsquo;aux rivages \nde Sardaigne ou de Sicile&#8230; Cette nouvelle \u00e9dition mettra donc l&rsquo;accent\n sur les musiques populaires italiennes, telles ces tarantelles \nnapolitaines ou les trallalleri du port de G\u00eanes&#8230; Une sorte de \u00ab\u00a0bal \nrital\u00a0\u00bb, effervescent et color\u00e9, fr\u00e9n\u00e9tique et lumineux.<\/p>\n\n\n\n<p>Le Festival du Chant de Marin, quatri\u00e8me festival de Bretagne, vous donne rendez-vous pour sa 15\u00e8me \u00e9dition les <strong>vendredi 13, samedi 14 et dimanche 15 ao\u00fbt 2021<\/strong> au port de Paimpol. Pour une quinzi\u00e8me \u00e9dition inoubliable !<br><\/p>\n","protected":false},"excerpt":{"rendered":"<p>Festival du Chant de MarinsLes 13, 14 et 15 ao\u00fbt 2021, EMBARQUEMENT POUR LA QUINZI\u00c8ME \u00c9DITION En trente ans, le Festival du Chant de Marin nous a d\u00e9j\u00e0 fait faire&#8230; <a href=\"https:\/\/www.tiarvro22.bzh\/index.php\/2020\/01\/12\/kan-ar-vartoloded-2021\/\">da heul &raquo;<\/a><\/p>\n","protected":false},"author":1,"featured_media":213,"comment_status":"open","ping_status":"open","sticky":false,"template":"","format":"standard","meta":{"footnotes":""},"categories":[4,9,2],"tags":[],"class_list":["post-212","post","type-post","status-publish","format-standard","has-post-thumbnail","hentry","category-concerts","category-exposition","category-festou-noz"],"views":2427,"_links":{"self":[{"href":"https:\/\/www.tiarvro22.bzh\/index.php\/wp-json\/wp\/v2\/posts\/212","targetHints":{"allow":["GET"]}}],"collection":[{"href":"https:\/\/www.tiarvro22.bzh\/index.php\/wp-json\/wp\/v2\/posts"}],"about":[{"href":"https:\/\/www.tiarvro22.bzh\/index.php\/wp-json\/wp\/v2\/types\/post"}],"author":[{"embeddable":true,"href":"https:\/\/www.tiarvro22.bzh\/index.php\/wp-json\/wp\/v2\/users\/1"}],"replies":[{"embeddable":true,"href":"https:\/\/www.tiarvro22.bzh\/index.php\/wp-json\/wp\/v2\/comments?post=212"}],"version-history":[{"count":1,"href":"https:\/\/www.tiarvro22.bzh\/index.php\/wp-json\/wp\/v2\/posts\/212\/revisions"}],"predecessor-version":[{"id":214,"href":"https:\/\/www.tiarvro22.bzh\/index.php\/wp-json\/wp\/v2\/posts\/212\/revisions\/214"}],"wp:featuredmedia":[{"embeddable":true,"href":"https:\/\/www.tiarvro22.bzh\/index.php\/wp-json\/wp\/v2\/media\/213"}],"wp:attachment":[{"href":"https:\/\/www.tiarvro22.bzh\/index.php\/wp-json\/wp\/v2\/media?parent=212"}],"wp:term":[{"taxonomy":"category","embeddable":true,"href":"https:\/\/www.tiarvro22.bzh\/index.php\/wp-json\/wp\/v2\/categories?post=212"},{"taxonomy":"post_tag","embeddable":true,"href":"https:\/\/www.tiarvro22.bzh\/index.php\/wp-json\/wp\/v2\/tags?post=212"}],"curies":[{"name":"wp","href":"https:\/\/api.w.org\/{rel}","templated":true}]}}