{"id":2643,"date":"2024-06-13T15:03:27","date_gmt":"2024-06-13T13:03:27","guid":{"rendered":"http:\/\/www.tiarvro22.bzh\/?p=2643"},"modified":"2024-06-13T15:03:27","modified_gmt":"2024-06-13T13:03:27","slug":"concert-faget-kervarec-15-06-a-ploubazlanec","status":"publish","type":"post","link":"https:\/\/www.tiarvro22.bzh\/index.php\/2024\/06\/13\/concert-faget-kervarec-15-06-a-ploubazlanec\/","title":{"rendered":"Concert Faget-Kervarec 15.06 \u00e0 Ploubazlanec"},"content":{"rendered":"\n<p><strong>Concert du duo, compos\u00e9 de la pianiste Caroline Faget et du chanteur et sonneur P\u00ear Vari Kervarec, qui pr\u00e9sente son spectacle \u00ab\u00a0Gwragez, l&rsquo;\u00eele aux Femmes\u00a0\u00bb \u00e0 l&rsquo;\u00e9glise de LOGUIVY DE LA MER, le Samedi 15 JUIN 2024 &#8211; PLOUBAZLANEC &#8211; 20h30 &#8211; Libre participation<\/strong><\/p>\n\n\n\n<p>A travers un voyage fait de r\u00e9cits, de po\u00e9sies et de musique, nous voulons rendre hommage \u00e0 la Femme et donner une visibilit\u00e9 au mariage breton en explorant les portraits ardents et color\u00e9s de figures c\u00e9l\u00e8bres bretonnes.<br>Une voix et un piano, un homme et une femme : deux univers qui se croisent dans un \u00e9quilibre artistique intime et exalt\u00e9, \u00e0 l&rsquo;image du lien et de la compl\u00e9mentarit\u00e9 qui unissent les hommes et les femmes dans tous les domaines\u2026<\/p>\n\n\n\n<p>Serait il possible de transmettre cela \u00e0 vos adh\u00e9rents, \u00e9l\u00e8ves et autour de vous ?<\/p>\n\n\n\n<p>Lien vid\u00e9o :&nbsp;<a href=\"https:\/\/www.youtube.com\/watch?v=CF_qxoEutjQ\" rel=\"noreferrer noopener\" target=\"_blank\">https:\/\/www.youtube.com\/watch?v=CF_qxoEutjQ<\/a><\/p>\n","protected":false},"excerpt":{"rendered":"<p>Concert du duo, compos\u00e9 de la pianiste Caroline Faget et du chanteur et sonneur P\u00ear Vari Kervarec, qui pr\u00e9sente son spectacle \u00ab\u00a0Gwragez, l&rsquo;\u00eele aux Femmes\u00a0\u00bb \u00e0 l&rsquo;\u00e9glise de LOGUIVY DE&#8230; <a href=\"https:\/\/www.tiarvro22.bzh\/index.php\/2024\/06\/13\/concert-faget-kervarec-15-06-a-ploubazlanec\/\">da heul &raquo;<\/a><\/p>\n","protected":false},"author":1,"featured_media":2644,"comment_status":"open","ping_status":"open","sticky":false,"template":"","format":"standard","meta":{"footnotes":""},"categories":[4],"tags":[],"class_list":["post-2643","post","type-post","status-publish","format-standard","has-post-thumbnail","hentry","category-concerts"],"views":794,"_links":{"self":[{"href":"https:\/\/www.tiarvro22.bzh\/index.php\/wp-json\/wp\/v2\/posts\/2643","targetHints":{"allow":["GET"]}}],"collection":[{"href":"https:\/\/www.tiarvro22.bzh\/index.php\/wp-json\/wp\/v2\/posts"}],"about":[{"href":"https:\/\/www.tiarvro22.bzh\/index.php\/wp-json\/wp\/v2\/types\/post"}],"author":[{"embeddable":true,"href":"https:\/\/www.tiarvro22.bzh\/index.php\/wp-json\/wp\/v2\/users\/1"}],"replies":[{"embeddable":true,"href":"https:\/\/www.tiarvro22.bzh\/index.php\/wp-json\/wp\/v2\/comments?post=2643"}],"version-history":[{"count":1,"href":"https:\/\/www.tiarvro22.bzh\/index.php\/wp-json\/wp\/v2\/posts\/2643\/revisions"}],"predecessor-version":[{"id":2645,"href":"https:\/\/www.tiarvro22.bzh\/index.php\/wp-json\/wp\/v2\/posts\/2643\/revisions\/2645"}],"wp:featuredmedia":[{"embeddable":true,"href":"https:\/\/www.tiarvro22.bzh\/index.php\/wp-json\/wp\/v2\/media\/2644"}],"wp:attachment":[{"href":"https:\/\/www.tiarvro22.bzh\/index.php\/wp-json\/wp\/v2\/media?parent=2643"}],"wp:term":[{"taxonomy":"category","embeddable":true,"href":"https:\/\/www.tiarvro22.bzh\/index.php\/wp-json\/wp\/v2\/categories?post=2643"},{"taxonomy":"post_tag","embeddable":true,"href":"https:\/\/www.tiarvro22.bzh\/index.php\/wp-json\/wp\/v2\/tags?post=2643"}],"curies":[{"name":"wp","href":"https:\/\/api.w.org\/{rel}","templated":true}]}}