{"id":2649,"date":"2024-06-13T15:30:37","date_gmt":"2024-06-13T13:30:37","guid":{"rendered":"http:\/\/www.tiarvro22.bzh\/?p=2649"},"modified":"2024-06-13T15:30:38","modified_gmt":"2024-06-13T13:30:38","slug":"expo-du-dourven-visite-en-breton-ce-samedi-15-06","status":"publish","type":"post","link":"https:\/\/www.tiarvro22.bzh\/index.php\/2024\/06\/13\/expo-du-dourven-visite-en-breton-ce-samedi-15-06\/","title":{"rendered":"Expo du Dourven : visite en breton ce samedi 15.06"},"content":{"rendered":"\n<p><strong>VISITE EN BRETON \/\/ GWELADENN E BREZHONEG<\/strong><\/p>\n\n\n\n<p><strong>Exposition <em>Agir dans son lieu<\/em><\/strong><\/p>\n\n\n\n<p><strong>Une exposition collective de la Galerie du Dourven HORS LES MURS<\/strong><\/p>\n\n\n\n<p><strong>\u00e0 la Coop\u00e9rative du port de Locqu\u00e9meau<\/strong><\/p>\n\n\n\n<p>Une proposition de Julie Crenn<\/p>\n\n\n\n<p>avec les artistes Morgane Denzler &#8211; Kako &amp; St\u00e9phane Kenkle &#8211; Aur\u00e9lie Olivier<br>Pascal Rivet &#8211; Damien Rouxel Nicolas Tub\u00e9ry &#8211; Julie Vacher<\/p>\n\n\n\n<p>Pour la premi\u00e8re fois, la commissaire artistique Julie Crenn est invit\u00e9e \u00e0 pr\u00e9senter en Bretagne son projet \u00ab\u00a0Agir dans son lieu\u00a0\u00bb, une exposition collective sur les mondes paysans.<br>&nbsp;\u00ab\u00a0Individuellement ou collectivement, huit artistes pensent les r\u00e9alit\u00e9s plurielles du monde paysan \u00e0 partir de leurs exp\u00e9riences, de leurs corps et de leurs histoires respectives. Un mouvement s\u2019op\u00e8re entre l\u2019art et l\u2019agriculture, et inversement. Il s\u2019agit alors de fabriquer et de proposer une conversation entre deux territoires pens\u00e9s s\u00e9par\u00e9s, et qui portent pourtant des points communs et essentiels.\u00a0\u00bb Julie Crenn Samedi 15 juin \u00e0 11h00 \u00e0 la Coop\u00e9rative du port de Locqu\u00e9meau<\/p>\n\n\n\n<p>Visite gratuite et accessible \u00e0 tous les bretonnants \u00e0 partir de 8 ans. Inscription au 02 96 05 92 52 ou \u00e0 <a href=\"mailto:dourven@lannion-tregor.com\" target=\"_blank\" rel=\"noreferrer noopener\">dourven@lannion-tregor.com<\/a><\/p>\n","protected":false},"excerpt":{"rendered":"<p>VISITE EN BRETON \/\/ GWELADENN E BREZHONEG Exposition Agir dans son lieu Une exposition collective de la Galerie du Dourven HORS LES MURS \u00e0 la Coop\u00e9rative du port de Locqu\u00e9meau&#8230; <a href=\"https:\/\/www.tiarvro22.bzh\/index.php\/2024\/06\/13\/expo-du-dourven-visite-en-breton-ce-samedi-15-06\/\">da heul &raquo;<\/a><\/p>\n","protected":false},"author":1,"featured_media":2650,"comment_status":"open","ping_status":"open","sticky":false,"template":"","format":"standard","meta":{"footnotes":""},"categories":[9],"tags":[],"class_list":["post-2649","post","type-post","status-publish","format-standard","has-post-thumbnail","hentry","category-exposition"],"views":882,"_links":{"self":[{"href":"https:\/\/www.tiarvro22.bzh\/index.php\/wp-json\/wp\/v2\/posts\/2649","targetHints":{"allow":["GET"]}}],"collection":[{"href":"https:\/\/www.tiarvro22.bzh\/index.php\/wp-json\/wp\/v2\/posts"}],"about":[{"href":"https:\/\/www.tiarvro22.bzh\/index.php\/wp-json\/wp\/v2\/types\/post"}],"author":[{"embeddable":true,"href":"https:\/\/www.tiarvro22.bzh\/index.php\/wp-json\/wp\/v2\/users\/1"}],"replies":[{"embeddable":true,"href":"https:\/\/www.tiarvro22.bzh\/index.php\/wp-json\/wp\/v2\/comments?post=2649"}],"version-history":[{"count":1,"href":"https:\/\/www.tiarvro22.bzh\/index.php\/wp-json\/wp\/v2\/posts\/2649\/revisions"}],"predecessor-version":[{"id":2651,"href":"https:\/\/www.tiarvro22.bzh\/index.php\/wp-json\/wp\/v2\/posts\/2649\/revisions\/2651"}],"wp:featuredmedia":[{"embeddable":true,"href":"https:\/\/www.tiarvro22.bzh\/index.php\/wp-json\/wp\/v2\/media\/2650"}],"wp:attachment":[{"href":"https:\/\/www.tiarvro22.bzh\/index.php\/wp-json\/wp\/v2\/media?parent=2649"}],"wp:term":[{"taxonomy":"category","embeddable":true,"href":"https:\/\/www.tiarvro22.bzh\/index.php\/wp-json\/wp\/v2\/categories?post=2649"},{"taxonomy":"post_tag","embeddable":true,"href":"https:\/\/www.tiarvro22.bzh\/index.php\/wp-json\/wp\/v2\/tags?post=2649"}],"curies":[{"name":"wp","href":"https:\/\/api.w.org\/{rel}","templated":true}]}}