{"id":282,"date":"2020-02-13T14:49:00","date_gmt":"2020-02-13T13:49:00","guid":{"rendered":"http:\/\/www.tiarvro22.bzh\/?p=282"},"modified":"2020-02-03T14:50:49","modified_gmt":"2020-02-03T13:50:49","slug":"kan-ar-bobl-bro-dreger-07-et-08-mars-2020-a-cavan","status":"publish","type":"post","link":"https:\/\/www.tiarvro22.bzh\/index.php\/2020\/02\/13\/kan-ar-bobl-bro-dreger-07-et-08-mars-2020-a-cavan\/","title":{"rendered":"KAN AR BOBL BRO DREGER : 07 et 08 mars 2020 \u00e0 CAVAN"},"content":{"rendered":"\n<p><strong>Samedi 07 mars<br>Kan \/ Chant \u00e0 \u00e9couter et \u00e0 danser<\/strong><br>L&rsquo;\u00e9quipe  de Pennarpig \/ Centre de d\u00e9couverte du son propose l&rsquo;organisation d&rsquo;une  s\u00e9lection tr\u00e9gorroise pour le chant \u00e0 \u00e9couter. Rendez-vous \u00e0 15h.<br><em>Inscription : Silvi Toupin 0645536842 &#8211; <\/em><a href=\"mailto:contact@cdson.org\">contact@cdson.org<\/a><\/p>\n\n\n\n<p><strong>Dimanche 08 mars &#8211; 14h<br>Skolio\u00f9 \/ Concours scolaires<\/strong><br>Ce\n dimanche, la salle des f\u00eates de Cavan accueillera pr\u00e8s de 600 enfants \n(25 classes) venus de tout le Tr\u00e9gor et des diff\u00e9rents syst\u00e8mes \nbilingues (Diwan, Divyezh, Dihun). Pour nos petits chanteurs \u00e0 la t\u00eate \nblonde, l&rsquo;enjeu est de taille puisque les gagnants des diff\u00e9rentes \ncat\u00e9gories iront d\u00e9fendre les couleurs du Tr\u00e9gor-Go\u00eblo \u00e0 la finale de \nPontivy en avril. De nombreux lots ont \u00e9t\u00e9 offerts par des partenaires :\n visites, balades, livres, bonbons&#8230; Le jury, constitu\u00e9 de \npersonnalit\u00e9s reconnues, aura bien du travail afin de d\u00e9partager tout ce\n monde ! Diff\u00e9rentes associations de parents d&rsquo;\u00e9l\u00e8ves auront pr\u00e9par\u00e9 \ng\u00e2teaux, cr\u00eapes, caf\u00e9, chocolat&#8230; Un stand de livres et CD en breton \npermettra aux parents de faire le plein pour le plus grand plaisir des \nenfants.<\/p>\n\n\n\n<p><em>Entr\u00e9e 3\u20ac &#8211; Salle des F\u00eates de Cavan<br>Organisation Ti ar Vro Treger-Gouelo\u00f9<\/em><\/p>\n","protected":false},"excerpt":{"rendered":"<p>Samedi 07 marsKan \/ Chant \u00e0 \u00e9couter et \u00e0 danserL&rsquo;\u00e9quipe de Pennarpig \/ Centre de d\u00e9couverte du son propose l&rsquo;organisation d&rsquo;une s\u00e9lection tr\u00e9gorroise pour le chant \u00e0 \u00e9couter. Rendez-vous \u00e0&#8230; <a href=\"https:\/\/www.tiarvro22.bzh\/index.php\/2020\/02\/13\/kan-ar-bobl-bro-dreger-07-et-08-mars-2020-a-cavan\/\">da heul &raquo;<\/a><\/p>\n","protected":false},"author":1,"featured_media":283,"comment_status":"open","ping_status":"open","sticky":false,"template":"","format":"standard","meta":{"footnotes":""},"categories":[4,2],"tags":[],"class_list":["post-282","post","type-post","status-publish","format-standard","has-post-thumbnail","hentry","category-concerts","category-festou-noz"],"views":2332,"_links":{"self":[{"href":"https:\/\/www.tiarvro22.bzh\/index.php\/wp-json\/wp\/v2\/posts\/282","targetHints":{"allow":["GET"]}}],"collection":[{"href":"https:\/\/www.tiarvro22.bzh\/index.php\/wp-json\/wp\/v2\/posts"}],"about":[{"href":"https:\/\/www.tiarvro22.bzh\/index.php\/wp-json\/wp\/v2\/types\/post"}],"author":[{"embeddable":true,"href":"https:\/\/www.tiarvro22.bzh\/index.php\/wp-json\/wp\/v2\/users\/1"}],"replies":[{"embeddable":true,"href":"https:\/\/www.tiarvro22.bzh\/index.php\/wp-json\/wp\/v2\/comments?post=282"}],"version-history":[{"count":1,"href":"https:\/\/www.tiarvro22.bzh\/index.php\/wp-json\/wp\/v2\/posts\/282\/revisions"}],"predecessor-version":[{"id":284,"href":"https:\/\/www.tiarvro22.bzh\/index.php\/wp-json\/wp\/v2\/posts\/282\/revisions\/284"}],"wp:featuredmedia":[{"embeddable":true,"href":"https:\/\/www.tiarvro22.bzh\/index.php\/wp-json\/wp\/v2\/media\/283"}],"wp:attachment":[{"href":"https:\/\/www.tiarvro22.bzh\/index.php\/wp-json\/wp\/v2\/media?parent=282"}],"wp:term":[{"taxonomy":"category","embeddable":true,"href":"https:\/\/www.tiarvro22.bzh\/index.php\/wp-json\/wp\/v2\/categories?post=282"},{"taxonomy":"post_tag","embeddable":true,"href":"https:\/\/www.tiarvro22.bzh\/index.php\/wp-json\/wp\/v2\/tags?post=282"}],"curies":[{"name":"wp","href":"https:\/\/api.w.org\/{rel}","templated":true}]}}