{"id":288,"date":"2020-02-25T14:52:00","date_gmt":"2020-02-25T13:52:00","guid":{"rendered":"http:\/\/www.tiarvro22.bzh\/?p=288"},"modified":"2020-02-03T14:53:34","modified_gmt":"2020-02-03T13:53:34","slug":"fest-noz-des-lyceens-le-07-03","status":"publish","type":"post","link":"https:\/\/www.tiarvro22.bzh\/index.php\/2020\/02\/25\/fest-noz-des-lyceens-le-07-03\/","title":{"rendered":"Fest-noz des lyc\u00e9ens le 07.03"},"content":{"rendered":"\n<p><strong>TI AR VRO : WARAOK GANT AR REOU YAOUANK ! La Jeunesse en avant !<br> Samedi 07 mars 2020<\/strong><br> <br>Dans le sillage du concours Interlyc\u00e9es, de nombreux jeunes lyc\u00e9ens  dansent et jouent de la musique bretonne \u00e0 l&rsquo;aise dans leur si\u00e8cle. Ti  ar Vro les accompagne tout au long de l&rsquo;ann\u00e9e pour les aider \u00e0  s&rsquo;\u00e9panouir, former des groupes, les faire jouer, organiser le concours  Interlyc\u00e9es, entreprendre l&rsquo;organisation d&rsquo;\u00e9v\u00e9nements. Pour cette  soir\u00e9e, Ti ar Vro et les lyc\u00e9ens de Dantec ont rassembl\u00e9 des groupes  d\u00e9j\u00e0 connus localement comme <strong>C&rsquo;harr Nij<\/strong>, ceux du lyc\u00e9e en devenir <strong>Tapaj, Kendon, Ma\u00efwenn et Loan<\/strong>, les coll\u00e9giens d\u00e9j\u00e0 bien \u00e9tablis du groupe <strong>Llym, <\/strong>le duo form\u00e9 par les<strong> Fr\u00e8res Le Bras, <\/strong>le groupe <strong>Penn Dach <\/strong>du coll\u00e8ge de B\u00e9gard, le tr\u00e8s jeune duo form\u00e9 par <strong>Envel et Th\u00e9lo. <\/strong>Ce sera \u00e9galement l&rsquo;occasion d&rsquo;accueillir de nouveau les 2\u00e8me du concours Interlyc\u00e9es 2019, le groupe<strong> Digabestr.\u00a0<\/strong><br>  Ne manquez pas cette soir\u00e9e avec la g\u00e9n\u00e9ration montante de la sc\u00e8ne  tr\u00e9gorroise. Venez les soutenir et les encourager. La soir\u00e9e est en plus  organis\u00e9e avec et pour les lyc\u00e9ens. Startijenn &lsquo;vo !<br> <br> Et n&rsquo;oubliez pas, les inscriptions sont ouvertes pour le concours Interlyc\u00e9es 2020 !<br> <br> <em>Salle des f\u00eates de Cavan &#8211; 21h &#8211; 6\u20ac, gratuit pour les lyc\u00e9ens.<\/em><\/p>\n","protected":false},"excerpt":{"rendered":"<p>TI AR VRO : WARAOK GANT AR REOU YAOUANK ! La Jeunesse en avant ! Samedi 07 mars 2020 Dans le sillage du concours Interlyc\u00e9es, de nombreux jeunes lyc\u00e9ens dansent&#8230; <a href=\"https:\/\/www.tiarvro22.bzh\/index.php\/2020\/02\/25\/fest-noz-des-lyceens-le-07-03\/\">da heul &raquo;<\/a><\/p>\n","protected":false},"author":1,"featured_media":289,"comment_status":"open","ping_status":"open","sticky":false,"template":"","format":"standard","meta":{"footnotes":""},"categories":[2],"tags":[],"class_list":["post-288","post","type-post","status-publish","format-standard","has-post-thumbnail","hentry","category-festou-noz"],"views":1883,"_links":{"self":[{"href":"https:\/\/www.tiarvro22.bzh\/index.php\/wp-json\/wp\/v2\/posts\/288","targetHints":{"allow":["GET"]}}],"collection":[{"href":"https:\/\/www.tiarvro22.bzh\/index.php\/wp-json\/wp\/v2\/posts"}],"about":[{"href":"https:\/\/www.tiarvro22.bzh\/index.php\/wp-json\/wp\/v2\/types\/post"}],"author":[{"embeddable":true,"href":"https:\/\/www.tiarvro22.bzh\/index.php\/wp-json\/wp\/v2\/users\/1"}],"replies":[{"embeddable":true,"href":"https:\/\/www.tiarvro22.bzh\/index.php\/wp-json\/wp\/v2\/comments?post=288"}],"version-history":[{"count":1,"href":"https:\/\/www.tiarvro22.bzh\/index.php\/wp-json\/wp\/v2\/posts\/288\/revisions"}],"predecessor-version":[{"id":290,"href":"https:\/\/www.tiarvro22.bzh\/index.php\/wp-json\/wp\/v2\/posts\/288\/revisions\/290"}],"wp:featuredmedia":[{"embeddable":true,"href":"https:\/\/www.tiarvro22.bzh\/index.php\/wp-json\/wp\/v2\/media\/289"}],"wp:attachment":[{"href":"https:\/\/www.tiarvro22.bzh\/index.php\/wp-json\/wp\/v2\/media?parent=288"}],"wp:term":[{"taxonomy":"category","embeddable":true,"href":"https:\/\/www.tiarvro22.bzh\/index.php\/wp-json\/wp\/v2\/categories?post=288"},{"taxonomy":"post_tag","embeddable":true,"href":"https:\/\/www.tiarvro22.bzh\/index.php\/wp-json\/wp\/v2\/tags?post=288"}],"curies":[{"name":"wp","href":"https:\/\/api.w.org\/{rel}","templated":true}]}}