{"id":3022,"date":"2025-02-08T16:20:00","date_gmt":"2025-02-08T15:20:00","guid":{"rendered":"http:\/\/www.tiarvro22.bzh\/?p=3022"},"modified":"2025-01-28T16:21:32","modified_gmt":"2025-01-28T15:21:32","slug":"etude-sociolinguistique-compte-rendu-a-lannion-le-14-02","status":"publish","type":"post","link":"https:\/\/www.tiarvro22.bzh\/index.php\/2025\/02\/08\/etude-sociolinguistique-compte-rendu-a-lannion-le-14-02\/","title":{"rendered":"Etude sociolinguistique, compte rendu \u00e0 Lannion le 14.02"},"content":{"rendered":"\n<p>Marv didrouz ar Yezh? &#8211; Daskor disoc&rsquo;ho\u00f9 an enklask sokioyezhoniel TMO-Rannvro Breizh diwar-benn ar yezho\u00f9 Breizh gant Kreizenn Sevenadurel Lannuon&nbsp;<\/p>\n\n\n\n<p>La silencieuse mort de la langue ? &#8211; Restitution des r\u00e9sultats de l\u2019enqu\u00eate sociolinguistique TMO-R\u00e9gion Bretagne 2024 sur les langues de Bretagne par le Centre Culturel Breton de Lannion&nbsp;<br><br>Le 20 janvier dernier ont \u00e9t\u00e9 publi\u00e9 les r\u00e9sultats de l\u2019enqu\u00eate sociolinguistique command\u00e9e par la R\u00e9gion Bretagne aupr\u00e8s de TMO, KSL vous propose un d\u00e9chiffrage et une restitution sur la situation linguistique bretonne au regard de l\u2019enqu\u00eate, suivi d&rsquo;un d\u00e9bat avec le public et ouverture sur les perspectives d&rsquo;actions en Pays de Lannion.&nbsp;<br><br>Contact : <a href=\"mailto:contact@ksl-ccb.bzh\">contact@ksl-ccb.bzh<\/a> \/ ksl-ccb.bzh \/ 07 49 52 22 84<\/p>\n\n\n\n<p>L&rsquo;enqu\u00eate : <a href=\"https:\/\/www.bretagne.bzh\/app\/uploads\/8460-REGION-BRETAGNE-Enquete-sociolinguistique-R20.01_1.pdf\" target=\"_blank\" rel=\"noreferrer noopener\">https:\/\/www.bretagne.bzh\/app\/uploads\/8460-REGION-BRETAGNE-Enquete-sociolinguistique-R20.01_1.pdf<\/a><\/p>\n","protected":false},"excerpt":{"rendered":"<p>Marv didrouz ar Yezh? &#8211; Daskor disoc&rsquo;ho\u00f9 an enklask sokioyezhoniel TMO-Rannvro Breizh diwar-benn ar yezho\u00f9 Breizh gant Kreizenn Sevenadurel Lannuon&nbsp; La silencieuse mort de la langue ? &#8211; Restitution des&#8230; <a href=\"https:\/\/www.tiarvro22.bzh\/index.php\/2025\/02\/08\/etude-sociolinguistique-compte-rendu-a-lannion-le-14-02\/\">da heul &raquo;<\/a><\/p>\n","protected":false},"author":1,"featured_media":3023,"comment_status":"open","ping_status":"open","sticky":false,"template":"","format":"standard","meta":{"footnotes":""},"categories":[3],"tags":[],"class_list":["post-3022","post","type-post","status-publish","format-standard","has-post-thumbnail","hentry","category-conferences"],"views":715,"_links":{"self":[{"href":"https:\/\/www.tiarvro22.bzh\/index.php\/wp-json\/wp\/v2\/posts\/3022","targetHints":{"allow":["GET"]}}],"collection":[{"href":"https:\/\/www.tiarvro22.bzh\/index.php\/wp-json\/wp\/v2\/posts"}],"about":[{"href":"https:\/\/www.tiarvro22.bzh\/index.php\/wp-json\/wp\/v2\/types\/post"}],"author":[{"embeddable":true,"href":"https:\/\/www.tiarvro22.bzh\/index.php\/wp-json\/wp\/v2\/users\/1"}],"replies":[{"embeddable":true,"href":"https:\/\/www.tiarvro22.bzh\/index.php\/wp-json\/wp\/v2\/comments?post=3022"}],"version-history":[{"count":1,"href":"https:\/\/www.tiarvro22.bzh\/index.php\/wp-json\/wp\/v2\/posts\/3022\/revisions"}],"predecessor-version":[{"id":3024,"href":"https:\/\/www.tiarvro22.bzh\/index.php\/wp-json\/wp\/v2\/posts\/3022\/revisions\/3024"}],"wp:featuredmedia":[{"embeddable":true,"href":"https:\/\/www.tiarvro22.bzh\/index.php\/wp-json\/wp\/v2\/media\/3023"}],"wp:attachment":[{"href":"https:\/\/www.tiarvro22.bzh\/index.php\/wp-json\/wp\/v2\/media?parent=3022"}],"wp:term":[{"taxonomy":"category","embeddable":true,"href":"https:\/\/www.tiarvro22.bzh\/index.php\/wp-json\/wp\/v2\/categories?post=3022"},{"taxonomy":"post_tag","embeddable":true,"href":"https:\/\/www.tiarvro22.bzh\/index.php\/wp-json\/wp\/v2\/tags?post=3022"}],"curies":[{"name":"wp","href":"https:\/\/api.w.org\/{rel}","templated":true}]}}