{"id":3025,"date":"2025-02-21T16:21:00","date_gmt":"2025-02-21T15:21:00","guid":{"rendered":"http:\/\/www.tiarvro22.bzh\/?p=3025"},"modified":"2025-01-28T16:22:42","modified_gmt":"2025-01-28T15:22:42","slug":"fest-noz-al-liseidi-08-03-a-cavan","status":"publish","type":"post","link":"https:\/\/www.tiarvro22.bzh\/index.php\/2025\/02\/21\/fest-noz-al-liseidi-08-03-a-cavan\/","title":{"rendered":"Fest-noz al liseidi &#8211; 08.03 \u00e0 Cavan"},"content":{"rendered":"\n<p>Dans le sillage du concours Interlyc\u00e9es, de nombreux jeunes lyc\u00e9ens dansent et jouent de la musique bretonne \u00e0 l&rsquo;aise dans leur si\u00e8cle. Ti ar Vro les accompagne tout au long de l&rsquo;ann\u00e9e pour les aider \u00e0 s&rsquo;\u00e9panouir, former des groupes, les faire jouer, organiser le concours Interlyc\u00e9es, entreprendre l&rsquo;organisation d&rsquo;\u00e9v\u00e9nements. Pour cette soir\u00e9e, Ti ar Vro et les lyc\u00e9ens de Dantec ont rassembl\u00e9 les jeunes groupes de la sc\u00e8ne locale et bretonne : les gagnants de 2023 Strak, le nouveau choeur de filles Enneade, les sonneurs biniou-bombarde Grenes-Lemar\u00e9chal et Bourreau-Lasbleiz, le duo accord\u00e9on-violon Le Vaillant-Correc de Lannion, la premi\u00e8re prestation du groupe Sourded, les groupes du lyc\u00e9e de Lannion Metig-Lilou-Manon et Envel-Mawgann, le duo vielle-accord\u00e9on du pays de Redon Lhermitte-Matull, Cornic Trio de Cavan, les soeurs Guelou chanteuses de Kan ha Diskan.&nbsp;<br>Ne manquez pas cette soir\u00e9e avec la g\u00e9n\u00e9ration montante de la sc\u00e8ne tr\u00e9gorroise et bretonne. Venez les soutenir et les encourager. La soir\u00e9e est en plus organis\u00e9e avec et pour les lyc\u00e9ens. Startijenn &lsquo;vo !<br>&nbsp;<\/p>\n\n\n\n<p><em>Salle des f\u00eates de Cavan &#8211; 21h &#8211; 6\u20ac, gratuit pour les lyc\u00e9ens&nbsp;<\/em><\/p>\n","protected":false},"excerpt":{"rendered":"<p>Dans le sillage du concours Interlyc\u00e9es, de nombreux jeunes lyc\u00e9ens dansent et jouent de la musique bretonne \u00e0 l&rsquo;aise dans leur si\u00e8cle. Ti ar Vro les accompagne tout au long&#8230; <a href=\"https:\/\/www.tiarvro22.bzh\/index.php\/2025\/02\/21\/fest-noz-al-liseidi-08-03-a-cavan\/\">da heul &raquo;<\/a><\/p>\n","protected":false},"author":1,"featured_media":3026,"comment_status":"open","ping_status":"open","sticky":false,"template":"","format":"standard","meta":{"footnotes":""},"categories":[2],"tags":[],"class_list":["post-3025","post","type-post","status-publish","format-standard","has-post-thumbnail","hentry","category-festou-noz"],"views":569,"_links":{"self":[{"href":"https:\/\/www.tiarvro22.bzh\/index.php\/wp-json\/wp\/v2\/posts\/3025","targetHints":{"allow":["GET"]}}],"collection":[{"href":"https:\/\/www.tiarvro22.bzh\/index.php\/wp-json\/wp\/v2\/posts"}],"about":[{"href":"https:\/\/www.tiarvro22.bzh\/index.php\/wp-json\/wp\/v2\/types\/post"}],"author":[{"embeddable":true,"href":"https:\/\/www.tiarvro22.bzh\/index.php\/wp-json\/wp\/v2\/users\/1"}],"replies":[{"embeddable":true,"href":"https:\/\/www.tiarvro22.bzh\/index.php\/wp-json\/wp\/v2\/comments?post=3025"}],"version-history":[{"count":1,"href":"https:\/\/www.tiarvro22.bzh\/index.php\/wp-json\/wp\/v2\/posts\/3025\/revisions"}],"predecessor-version":[{"id":3027,"href":"https:\/\/www.tiarvro22.bzh\/index.php\/wp-json\/wp\/v2\/posts\/3025\/revisions\/3027"}],"wp:featuredmedia":[{"embeddable":true,"href":"https:\/\/www.tiarvro22.bzh\/index.php\/wp-json\/wp\/v2\/media\/3026"}],"wp:attachment":[{"href":"https:\/\/www.tiarvro22.bzh\/index.php\/wp-json\/wp\/v2\/media?parent=3025"}],"wp:term":[{"taxonomy":"category","embeddable":true,"href":"https:\/\/www.tiarvro22.bzh\/index.php\/wp-json\/wp\/v2\/categories?post=3025"},{"taxonomy":"post_tag","embeddable":true,"href":"https:\/\/www.tiarvro22.bzh\/index.php\/wp-json\/wp\/v2\/tags?post=3025"}],"curies":[{"name":"wp","href":"https:\/\/api.w.org\/{rel}","templated":true}]}}