{"id":3079,"date":"2025-02-24T15:36:34","date_gmt":"2025-02-24T14:36:34","guid":{"rendered":"http:\/\/www.tiarvro22.bzh\/?p=3079"},"modified":"2025-02-24T15:36:35","modified_gmt":"2025-02-24T14:36:35","slug":"veillee-bretonne-beilhadeg-vendredi-07-mars-a-20h-pommerit-le-vicomte","status":"publish","type":"post","link":"https:\/\/www.tiarvro22.bzh\/index.php\/2025\/02\/24\/veillee-bretonne-beilhadeg-vendredi-07-mars-a-20h-pommerit-le-vicomte\/","title":{"rendered":"Veill\u00e9e bretonne \/ Beilhadeg &#8211; vendredi 07 mars \u00e0 20h &#8211; Pommerit le Vicomte"},"content":{"rendered":"\n<p>50 vloaz \u2018zo brema\u00f1 eo bet kroget gant Dastum Bro-Dreger da enrolla\u00f1, da gempenn ha da rei\u00f1 d\u2019an dud da c\u2019ho\u00fbt petra \u2018oa hon sevenadur kanet, kontet pe sonet e Bro-Dreger hag e Bro-Oelou. D\u2019ar Gwener 07 a viz Meurzh oc\u2019h pedet da Pa\u00f1vrid ar Beskont evit ur veilhadeg deus ar c\u2019hentan !<br><br>Dastum Bro-Dreger poursuit son cycle de veill\u00e9es d\u2019hiver dans le Tr\u00e9gor afin d\u2019animer les bourgs et d\u2019aller \u00e0 la rencontre de nos gloires locales, ceux qui ont le don, l\u2019espace d\u2019un instant, de nous faire rire, de nous \u00e9mouvoir ou de nous \u00e9merveiller. Vendredi 07 mars \u00e0 20h c&rsquo;est l&rsquo;association Mammenn de Pommerit Le Vicomte qui accueille l\u2019\u00e9v\u00e9nement \u00e0 la salle des f\u00eates. De nombreux conteurs, chanteurs et sonneurs ont r\u00e9pondu \u00e0 l\u2019invitation, parmi eux :<br><br>Goulc&rsquo;hen Malrieu, bugale skol Pabu, Yves Morice, Jef Fulup, Martine Beaucamp, G\u00e9rard Guyomard, Maze Bergot, Alan Alory, stal kan Mammenn, Michel Travadon, Michel Garlantezec, Roger Buzulier, Yves Guilloux, Olier Le Bivig, Bepred\/Baprad, Kamilh Mufraggi, Herve Allain<br><br>D\u00e9but \u00e0 20h \u2013 salle des f\u00eates de Pommerit Le Vicomte &#8211; Gratuit<br><em>Organisation : Mammenn et Dastum Bro-Dreger<\/em><\/p>\n","protected":false},"excerpt":{"rendered":"<p>50 vloaz \u2018zo brema\u00f1 eo bet kroget gant Dastum Bro-Dreger da enrolla\u00f1, da gempenn ha da rei\u00f1 d\u2019an dud da c\u2019ho\u00fbt petra \u2018oa hon sevenadur kanet, kontet pe sonet e&#8230; <a href=\"https:\/\/www.tiarvro22.bzh\/index.php\/2025\/02\/24\/veillee-bretonne-beilhadeg-vendredi-07-mars-a-20h-pommerit-le-vicomte\/\">da heul &raquo;<\/a><\/p>\n","protected":false},"author":1,"featured_media":257,"comment_status":"open","ping_status":"open","sticky":false,"template":"","format":"standard","meta":{"footnotes":""},"categories":[6],"tags":[],"class_list":["post-3079","post","type-post","status-publish","format-standard","has-post-thumbnail","hentry","category-veillee"],"views":638,"_links":{"self":[{"href":"https:\/\/www.tiarvro22.bzh\/index.php\/wp-json\/wp\/v2\/posts\/3079","targetHints":{"allow":["GET"]}}],"collection":[{"href":"https:\/\/www.tiarvro22.bzh\/index.php\/wp-json\/wp\/v2\/posts"}],"about":[{"href":"https:\/\/www.tiarvro22.bzh\/index.php\/wp-json\/wp\/v2\/types\/post"}],"author":[{"embeddable":true,"href":"https:\/\/www.tiarvro22.bzh\/index.php\/wp-json\/wp\/v2\/users\/1"}],"replies":[{"embeddable":true,"href":"https:\/\/www.tiarvro22.bzh\/index.php\/wp-json\/wp\/v2\/comments?post=3079"}],"version-history":[{"count":1,"href":"https:\/\/www.tiarvro22.bzh\/index.php\/wp-json\/wp\/v2\/posts\/3079\/revisions"}],"predecessor-version":[{"id":3080,"href":"https:\/\/www.tiarvro22.bzh\/index.php\/wp-json\/wp\/v2\/posts\/3079\/revisions\/3080"}],"wp:featuredmedia":[{"embeddable":true,"href":"https:\/\/www.tiarvro22.bzh\/index.php\/wp-json\/wp\/v2\/media\/257"}],"wp:attachment":[{"href":"https:\/\/www.tiarvro22.bzh\/index.php\/wp-json\/wp\/v2\/media?parent=3079"}],"wp:term":[{"taxonomy":"category","embeddable":true,"href":"https:\/\/www.tiarvro22.bzh\/index.php\/wp-json\/wp\/v2\/categories?post=3079"},{"taxonomy":"post_tag","embeddable":true,"href":"https:\/\/www.tiarvro22.bzh\/index.php\/wp-json\/wp\/v2\/tags?post=3079"}],"curies":[{"name":"wp","href":"https:\/\/api.w.org\/{rel}","templated":true}]}}