{"id":3130,"date":"2025-02-27T16:37:29","date_gmt":"2025-02-27T15:37:29","guid":{"rendered":"http:\/\/www.tiarvro22.bzh\/?p=3130"},"modified":"2025-02-27T16:37:30","modified_gmt":"2025-02-27T15:37:30","slug":"des-nouvelles-de-la-bibliotheque-departementale-langue-bretonne-de-cavan","status":"publish","type":"post","link":"https:\/\/www.tiarvro22.bzh\/index.php\/2025\/02\/27\/des-nouvelles-de-la-bibliotheque-departementale-langue-bretonne-de-cavan\/","title":{"rendered":"Des nouvelles de la biblioth\u00e8que d\u00e9partementale langue bretonne de Cavan"},"content":{"rendered":"\n<p><strong>Goude un emvod bet aozet e miz C&rsquo;hwevrer e Ti ar Vro, setu ar gemenadenn ofisiel bet skrivet gant an Departamant hag ar strollegezhio\u00f9 all bet bodet en dro d&rsquo;an daol.<\/strong><\/p>\n\n\n\n<p><strong>COMMUNIQUE OFFICIEL DES COLLECTIVITES<\/strong><br><strong>Des perspectives communes entre les collectivit\u00e9s et l\u2019association Ti Ar Vro Treger-Gouelo\u00f9<\/strong><\/p>\n\n\n\n<p>Le D\u00e9partement des C\u00f4tes d\u2019Armor, Lannion-Tr\u00e9gor Communaut\u00e9, Guingamp-Paimpol Agglom\u00e9ration, la commune de Cavan et l\u2019association Ti Ar Vro Treger-Gouelo\u00f9 se sont rencontr\u00e9s mardi 11 f\u00e9vrier 2025 \u00e0 l\u2019initiative de Patrice Kervaon, vice-pr\u00e9sident en charge de la Culture du D\u00e9partement des C\u00f4tes d\u2019Armor. L\u2019occasion pour l\u2019ensemble des partenaires de r\u00e9affirmer leur volont\u00e9 commune de renforcer le rayonnement de l\u2019antenne en langue bretonne de la Biblioth\u00e8que des C\u00f4tes d\u2019Armor (BCA), en particulier sur les secteurs de Guingamp-Paimpol Agglom\u00e9ration et de Lannion-Tr\u00e9gor Communaut\u00e9.<\/p>\n\n\n\n<p>Cette r\u00e9union a permis d&rsquo;esquisser et de partager des pistes d&rsquo;\u00e9volution visant \u00e0 rapprocher le projet de l&rsquo;antenne en langue bretonne de la BCA des axes d\u00e9finis par le D\u00e9partement dans le cadre de ses politiques en faveur de la lecture publique et des langues de Bretagne, mais \u00e9galement en lien avec les politiques men\u00e9es dans ces deux domaines par &nbsp;Lannion-Tr\u00e9gor Communaut\u00e9 et Guingamp-Paimpol Agglom\u00e9ration.<\/p>\n\n\n\n<p><strong>Vers une nouvelle convention d\u2019objectifs et de moyens&nbsp;<\/strong><br>Le vice-pr\u00e9sident Patrice Kervaon a annonc\u00e9 la prolongation de la convention actuelle entre le D\u00e9partement et Ti Ar Vro Treger-Gouelo\u00f9 jusqu\u2019au 31 d\u00e9cembre 2025. Cette ann\u00e9e de prolongation doit permettre de retravailler le partenariat entre les collectivit\u00e9s volontaires et l\u2019association dans l\u2019int\u00e9r\u00eat de la promotion, diffusion et pr\u00e9servation de la langue bretonne.&nbsp;<\/p>\n","protected":false},"excerpt":{"rendered":"<p>Goude un emvod bet aozet e miz C&rsquo;hwevrer e Ti ar Vro, setu ar gemenadenn ofisiel bet skrivet gant an Departamant hag ar strollegezhio\u00f9 all bet bodet en dro d&rsquo;an&#8230; <a href=\"https:\/\/www.tiarvro22.bzh\/index.php\/2025\/02\/27\/des-nouvelles-de-la-bibliotheque-departementale-langue-bretonne-de-cavan\/\">da heul &raquo;<\/a><\/p>\n","protected":false},"author":1,"featured_media":326,"comment_status":"open","ping_status":"open","sticky":false,"template":"","format":"standard","meta":{"footnotes":""},"categories":[1],"tags":[],"class_list":["post-3130","post","type-post","status-publish","format-standard","has-post-thumbnail","hentry","category-non-classe"],"views":486,"_links":{"self":[{"href":"https:\/\/www.tiarvro22.bzh\/index.php\/wp-json\/wp\/v2\/posts\/3130","targetHints":{"allow":["GET"]}}],"collection":[{"href":"https:\/\/www.tiarvro22.bzh\/index.php\/wp-json\/wp\/v2\/posts"}],"about":[{"href":"https:\/\/www.tiarvro22.bzh\/index.php\/wp-json\/wp\/v2\/types\/post"}],"author":[{"embeddable":true,"href":"https:\/\/www.tiarvro22.bzh\/index.php\/wp-json\/wp\/v2\/users\/1"}],"replies":[{"embeddable":true,"href":"https:\/\/www.tiarvro22.bzh\/index.php\/wp-json\/wp\/v2\/comments?post=3130"}],"version-history":[{"count":1,"href":"https:\/\/www.tiarvro22.bzh\/index.php\/wp-json\/wp\/v2\/posts\/3130\/revisions"}],"predecessor-version":[{"id":3131,"href":"https:\/\/www.tiarvro22.bzh\/index.php\/wp-json\/wp\/v2\/posts\/3130\/revisions\/3131"}],"wp:featuredmedia":[{"embeddable":true,"href":"https:\/\/www.tiarvro22.bzh\/index.php\/wp-json\/wp\/v2\/media\/326"}],"wp:attachment":[{"href":"https:\/\/www.tiarvro22.bzh\/index.php\/wp-json\/wp\/v2\/media?parent=3130"}],"wp:term":[{"taxonomy":"category","embeddable":true,"href":"https:\/\/www.tiarvro22.bzh\/index.php\/wp-json\/wp\/v2\/categories?post=3130"},{"taxonomy":"post_tag","embeddable":true,"href":"https:\/\/www.tiarvro22.bzh\/index.php\/wp-json\/wp\/v2\/tags?post=3130"}],"curies":[{"name":"wp","href":"https:\/\/api.w.org\/{rel}","templated":true}]}}