{"id":322,"date":"2020-02-13T09:13:21","date_gmt":"2020-02-13T08:13:21","guid":{"rendered":"http:\/\/www.tiarvro22.bzh\/?p=322"},"modified":"2020-02-13T09:13:22","modified_gmt":"2020-02-13T08:13:22","slug":"concert-pennarpig-aymerick-tron-alvarez-14-02","status":"publish","type":"post","link":"https:\/\/www.tiarvro22.bzh\/index.php\/2020\/02\/13\/concert-pennarpig-aymerick-tron-alvarez-14-02\/","title":{"rendered":"Concert Pennarpig : Aymerick Tron Alvarez 14.02"},"content":{"rendered":"\n<p><strong>Gwener \/ vendredi 14-02<br>Aymerick&nbsp; Tron Alvarez (guitare\/ accord\u00e9on) &#8211; 5 \u20ac<\/strong><\/p>\n\n\n\n<p>Stal da\u00f1s daou ha daou : vals, mazurka hag all da 7eur 30 noz<br>(boued degaset gant ar stajidi)<\/p>\n\n\n\n<p>Bal folk da 9 eur noz gant Aymerick Tron Alvarez ha sonerien all<\/p>\n\n\n\n<p>* * * * * * *<\/p>\n\n\n\n<p>Atelier danse 19h30<br>(valses 3 temps, 5 temps, 8 temps, mazurka et autres danses folk selon l\u2019envie des participants).<\/p>\n\n\n\n<p>Petit buffet de desserts, apport\u00e9s par les stagiaires<\/p>\n\n\n\n<p>Bal folk \u00e0 partir de 21h, anim\u00e9 par Aymerick en 1\u00e8re partie, puis par les musiciens locaux&nbsp; qui souhaiteraient nous offrir quelques airs, d&rsquo;ici ou d&rsquo;ailleurs&#8230;pour prolonger la soir\u00e9e<\/p>\n\n\n\n<p>Da selaou :<br>Et pour vous donner l\u2019envie de nous rejoindre :<br>Une jolie valse:&nbsp; &nbsp; <a href=\"https:\/\/www.youtube.com\/watch?v=Q3g6mRKdl2I\" target=\"_blank\" rel=\"noreferrer noopener\">https:\/\/www.youtube.com\/watch?v=Q3g6mRKdl2I<\/a><br>Une mazurka en vid\u00e9o lors de son passage en Bretagne il y a 2 ans:&nbsp; &nbsp; &nbsp;<br><a href=\"https:\/\/www.youtube.com\/watch?v=7Hu2o5DueC4\" target=\"_blank\" rel=\"noreferrer noopener\">https:\/\/www.youtube.com\/watch?v=7Hu2o5DueC4<\/a><\/p>\n\n\n\n<p>Un medley de 4 morceaux:&nbsp; <a href=\"https:\/\/www.youtube.com\/watch?v=LB-OYvtR6iQ\" target=\"_blank\" rel=\"noreferrer noopener\">https:\/\/www.youtube.com\/watch?v=LB-OYvtR6iQ<\/a><\/p>\n","protected":false},"excerpt":{"rendered":"<p>Gwener \/ vendredi 14-02Aymerick&nbsp; Tron Alvarez (guitare\/ accord\u00e9on) &#8211; 5 \u20ac Stal da\u00f1s daou ha daou : vals, mazurka hag all da 7eur 30 noz(boued degaset gant ar stajidi) Bal&#8230; <a href=\"https:\/\/www.tiarvro22.bzh\/index.php\/2020\/02\/13\/concert-pennarpig-aymerick-tron-alvarez-14-02\/\">da heul &raquo;<\/a><\/p>\n","protected":false},"author":1,"featured_media":323,"comment_status":"open","ping_status":"open","sticky":false,"template":"","format":"standard","meta":{"footnotes":""},"categories":[4],"tags":[],"class_list":["post-322","post","type-post","status-publish","format-standard","has-post-thumbnail","hentry","category-concerts"],"views":2235,"_links":{"self":[{"href":"https:\/\/www.tiarvro22.bzh\/index.php\/wp-json\/wp\/v2\/posts\/322","targetHints":{"allow":["GET"]}}],"collection":[{"href":"https:\/\/www.tiarvro22.bzh\/index.php\/wp-json\/wp\/v2\/posts"}],"about":[{"href":"https:\/\/www.tiarvro22.bzh\/index.php\/wp-json\/wp\/v2\/types\/post"}],"author":[{"embeddable":true,"href":"https:\/\/www.tiarvro22.bzh\/index.php\/wp-json\/wp\/v2\/users\/1"}],"replies":[{"embeddable":true,"href":"https:\/\/www.tiarvro22.bzh\/index.php\/wp-json\/wp\/v2\/comments?post=322"}],"version-history":[{"count":1,"href":"https:\/\/www.tiarvro22.bzh\/index.php\/wp-json\/wp\/v2\/posts\/322\/revisions"}],"predecessor-version":[{"id":324,"href":"https:\/\/www.tiarvro22.bzh\/index.php\/wp-json\/wp\/v2\/posts\/322\/revisions\/324"}],"wp:featuredmedia":[{"embeddable":true,"href":"https:\/\/www.tiarvro22.bzh\/index.php\/wp-json\/wp\/v2\/media\/323"}],"wp:attachment":[{"href":"https:\/\/www.tiarvro22.bzh\/index.php\/wp-json\/wp\/v2\/media?parent=322"}],"wp:term":[{"taxonomy":"category","embeddable":true,"href":"https:\/\/www.tiarvro22.bzh\/index.php\/wp-json\/wp\/v2\/categories?post=322"},{"taxonomy":"post_tag","embeddable":true,"href":"https:\/\/www.tiarvro22.bzh\/index.php\/wp-json\/wp\/v2\/tags?post=322"}],"curies":[{"name":"wp","href":"https:\/\/api.w.org\/{rel}","templated":true}]}}