{"id":3597,"date":"2025-12-02T08:00:00","date_gmt":"2025-12-02T07:00:00","guid":{"rendered":"https:\/\/www.tiarvro22.bzh\/?p=3597"},"modified":"2025-11-25T15:50:33","modified_gmt":"2025-11-25T14:50:33","slug":"cavan-fete-noel-goueliou-nedeleg-kawan-programme-decembre-2025-janvier-2026","status":"publish","type":"post","link":"https:\/\/www.tiarvro22.bzh\/index.php\/2025\/12\/02\/cavan-fete-noel-goueliou-nedeleg-kawan-programme-decembre-2025-janvier-2026\/","title":{"rendered":"CAVAN F\u00caTE NO\u00cbL \/ GOUELIOU NEDELEG KAWAN : programme d\u00e9cembre 2025\/janvier 2026"},"content":{"rendered":"\n<p>Evel bep bloaz oc&rsquo;h pedet da Gawan evit Gouelio\u00f9 Nedeleg ar barrouz. Plijadur a vo. Sellit eus ar programm ama\u00f1 dindan !<br><br>Comme chaque ann\u00e9e maintenant, les associations, les commer\u00e7ants, la mairie, les musiciens\/artistes de Cavan vous donnent rendez-vous pour les f\u00eates de No\u00ebl. Encore un beau programme en perspective.<\/p>\n\n\n\n<p><strong>Mercredi 03 d\u00e9cembre<\/strong><\/p>\n\n\n\n<p><strong>18h<\/strong>\u2013 BIBLIOTH\u00c8QUE \/ LEVRAOUEG<\/p>\n\n\n\n<p>\u00ab&nbsp;No\u00ebl breton&nbsp;\u00bb spectacle de contes avec Samuel P\u00e9ron<br><em>Organisation&nbsp;: biblioth\u00e8que de Cavan \u2013 Gratuit \u2013 Ouvert \u00e0 tous \u2013 <\/em><em>Sur inscription (places limit\u00e9es)<\/em><\/p>\n\n\n\n<p><strong>Vendredi 05 d\u00e9cembre<\/strong><\/p>\n\n\n\n<p><strong>20h30 <\/strong>\u2013 FEST-NOZ SONNE<\/p>\n\n\n\n<p>Les sonneurs et chanteurs du Tr\u00e9gor vous invitent \u00e0 un fest-noz \u00ab&nbsp;mod kozh&nbsp;\u00bb au Centre de D\u00e9couverte du Son. Avec&nbsp;: Trebaol-Galeron, Georgelin-Nicolas, Marquier-Corvez, Castel-Gorju, Bouliou-Suignard\/Goic, Stal kan Kawan<\/p>\n\n\n\n<p><em>Organisation&nbsp;: Pennarpig \u2013 Prix&nbsp;: <\/em><em>6 \u20ac ; gratuit lyc\u00e9ens et \u00e9tudiants<\/em><\/p>\n\n\n\n<p><strong>Dimanche 07 d\u00e9cembre<\/strong><\/p>\n\n\n\n<p><strong>14h30<\/strong> &#8211; FEST-DEIZ de Pilgerc\u2019h avec Asteure, Carel-Mariette<\/p>\n\n\n\n<p><em>Organisation&nbsp;: Pilgerc\u2019h &#8211; Salle des f\u00eates \u2013 6\u20ac<\/em><\/p>\n\n\n\n<p><strong>Dimanche 14 d\u00e9cembre<\/strong><\/p>\n\n\n\n<p><strong>9h\/18h<\/strong> \u2013 MARCHE DE NO\u00cbL \u00e0 la salle des f\u00eates<\/p>\n\n\n\n<p>Faites vos emplettes avant No\u00ebl, profitez de la pr\u00e9sence d&rsquo;artisans locaux. Et pour les enfants&nbsp;: pr\u00e9sence du P\u00e8re No\u00ebl, balades. Buvette et restauration sur place.<\/p>\n\n\n\n<p><em>Organisation \/ Inscriptions&nbsp;: Amicale La\u00efque de Cavan &#8211; Entr\u00e9e gratuite<\/em><\/p>\n\n\n\n<p><strong>Lundi 15 d\u00e9cembre<\/strong><\/p>\n\n\n\n<p><strong>9h30\/10h30<\/strong>\u2013 BIBLIOTH\u00c8QUE \/ LEVRAOUEG<\/p>\n\n\n\n<p>Il \u00e9tait une fois des livres et des jeux avec le Relais Petite Enfance<br><em>Organisation&nbsp;: biblioth\u00e8que de Cavan \u2013 Gratuit \u2013 sur inscription <\/em><em>aupr\u00e8s du RPE<\/em><\/p>\n\n\n\n<p><strong>Mercredi 17 d\u00e9cembre<\/strong><\/p>\n\n\n\n<p><strong>16h30<\/strong>\u2013 BIBLIOTH\u00c8QUE \/ LEVRAOUEG<\/p>\n\n\n\n<p>Lecture de contes et atelier cr\u00e9atif&nbsp;: confectionne ton sapin de No\u00ebL.<br><em>Organisation&nbsp;: biblioth\u00e8que de Cavan \u2013 Gratuit \u2013 D\u00e8s 6 ans (12 places \u2013 sur inscription)<\/em><\/p>\n\n\n\n<p><strong>Vendredi 19 d\u00e9cembre<\/strong><\/p>\n\n\n\n<p><strong>20h30 <\/strong>\u2013 CABARET DE NO\u00cbL<\/p>\n\n\n\n<p>Kerjava et Ti ar Vro vous proposent un double plateau de musique laissant la part belle \u00e0 la jeunesse de la cr\u00e9ation en Bretagne&nbsp;: avec le groupe Tinka, une rencontre entre les chants basques et bretons. Puis le quatuor Bod men\u00e9 notamment par Sol\u00e8ne Lasbleiz penn sonneuse du bagad de Pommerit le Vicomte.<\/p>\n\n\n\n<p><em>Organisation&nbsp;: Kerjava et Ti ar Vro \u2013 Prix&nbsp;: 10\u20ac<\/em><\/p>\n\n\n\n<p><strong>Samedi 20 d\u00e9cembre<\/strong><\/p>\n\n\n\n<p><strong>17h30<\/strong> \u2013 BIBLIOTH\u00c8QUE \/ LEVRAOUEG<\/p>\n\n\n\n<p>\u00ab&nbsp;Initiation \u00e0 la lecture en breton&nbsp;\u00bb &#8211; Enfants\/Parents, conte de No\u00ebl anim\u00e9e par Nil Caouissin [Gratuit]<\/p>\n\n\n\n<p><strong>11h\/18h<\/strong> \u2013 MARCHE DE NO\u00cbL au Rage Central<\/p>\n\n\n\n<p>Le Rage central ouvre ses portes en mode march\u00e9 de No\u00ebl \u00e0 l&rsquo;atelier. Les artisans vous accueilleront dans leurs espaces pour d\u00e9couvrir leur environnement de travail mais aussi les cr\u00e9ations r\u00e9alis\u00e9es.<\/p>\n\n\n\n<p><strong>21h<\/strong> \u2013 13\u00e8me FEST-NOZ&nbsp;C\u2019hoari Sac\u2019h \/ Tirage au Sort<\/p>\n\n\n\n<p>Participation de plus d&rsquo;une cinquantaine de chanteurs et sonneurs du Tr\u00e9gor tir\u00e9s au sort pour constituer des groupes \u00e9ph\u00e9m\u00e8res.<\/p>\n\n\n\n<p><em>Organisation : Ti ar Vro \u2013 Prix&nbsp;: 7\u20ac Gratuit pour les -18 ans<\/em><\/p>\n\n\n\n<p><strong>Dimanche 21 d\u00e9cembre<\/strong><\/p>\n\n\n\n<p><strong>11h\/18h<\/strong> \u2013 MARCHE DE NO\u00cbL au Rage Central<\/p>\n\n\n\n<p>Le Rage central ouvre ses portes en mode march\u00e9 de No\u00ebl \u00e0 l&rsquo;atelier. Les artisans vous accueilleront dans leurs espaces pour d\u00e9couvrir leur environnement de travail mais aussi les cr\u00e9ations r\u00e9alis\u00e9es.<\/p>\n\n\n\n<p><strong>1<\/strong><strong>7<\/strong><strong>h <\/strong>\u2013 SPECTACLE POUR LES ENFANTS<\/p>\n\n\n\n<p>La Suite Royale par la Cie Choukibenn<\/p>\n\n\n\n<p>D\u00e9sormais roi, D\u00e9d\u00e9 Koat \u00e0 la vie de ch\u00e2teau avec les avantages mais aussi les soucis du m\u00e9tier ! Et tr\u00e8s rapidement, il ne supporte plus cette captivit\u00e9 f\u00e9odale. Il d\u00e9cide alors de parcourir son royaume incognito pour rendre visite \u00e0 son vieux copain Jobig.<\/p>\n\n\n\n<p>Vous retrouverez dans cette aventure ponctu\u00e9e de chansons : des voleurs, du banjo, un ogre et des objets improbables.<\/p>\n\n\n\n<p><em>Organisation Ti ar Vro et la Cie Choukibenn \u2013 5\u20ac adultes, 3\u20ac enfants \u2013 Spectacle \u00e0 partir de 3 ans.<\/em><\/p>\n\n\n\n<p><em>Avec le soutien de la R\u00e9gion Bretagne &#8211; Gant skoazell Rannvro Breizh<\/em><\/p>\n\n\n\n<p><strong>17h <\/strong>\u2013 ATELIER SESSION de musique irlandaise au Centre de D\u00e9couverte du Son<\/p>\n\n\n\n<p><em>Organisation&nbsp;: Pennarpig \/ Centre de D\u00e9couverte du Son \u2013 Gratuit<\/em><\/p>\n\n\n\n<p><strong>Lundi 29 d\u00e9cembre<\/strong><\/p>\n\n\n\n<p><strong>20h30 \u2013<\/strong> 13\u00e8me soir\u00e9e Kaf\u00e9 PHILO \/ Vin chaud anim\u00e9 par Yves-Marie Moal, Fran\u00e7ois Bridet et Muriel Van&nbsp;Vliet. Le sujet&nbsp;: \u00ab&nbsp;Peut-on penser la mort&nbsp;? \u00bb<\/p>\n\n\n\n<p><em>Organisation&nbsp;: Kreizenn ar Son \/ Pennarpig \u2013 Entr\u00e9e libre<\/em><\/p>\n\n\n\n<p><strong>Samedi 0<\/strong><strong>3<\/strong><strong> janvier 202<\/strong><strong>6<\/strong><\/p>\n\n\n\n<p><strong>18h<\/strong> &#8211; VOEUX du maire \u00e0 la population<br>La mairie vous donne rendez-vous \u00e0 la salle des f\u00eates de la commune pour les v\u0153ux du maire \u00e0 la population \u00e0 partir de 18h<\/p>\n\n\n\n<p><strong>Vendredi 09 janvier 2026<\/strong><\/p>\n\n\n\n<p><strong>18h<\/strong> \u2013 TANTAD DE SAPINS DE NO\u00cbL \u2013 VIN CHAUD \u00e0 la salle des f\u00eates \u2013 [Gratuit]<\/p>\n\n\n\n<p>Ti ar Vro vous donne rendez-vous pour un tantad de sapins de No\u00ebl \u00e0 18h. Comme pour les traditions de carnaval \/ Meurlarjez, nous br\u00fblerons l&rsquo;arbre qui f\u00fbt au centre de nos maisons pour ces f\u00eates de fin d&rsquo;ann\u00e9e. Autour d&rsquo;un petit vin chaud, ce sera une bonne occasion pour se souhaiter \u00ab\u00a0tout le bonheur du monde\u00a0\u00bb pour l&rsquo;ann\u00e9e \u00e0 venir. Le tout en musique evel just ! Bloavezh mat deoc&rsquo;h toud !<\/p>\n\n\n\n<p><em>Organisation : Ti ar Vro Treger-Gouelo\u00f9 &#8211; Gratuit<\/em><\/p>\n\n\n\n<p><strong>Vendredi 16 janvier 2026<\/strong><\/p>\n\n\n\n<p><strong>20h30 \u2013 <\/strong>CONCERT \u00e0 Pennarpig \u2013 <strong>Pretty Fair Maids<\/strong><\/p>\n\n\n\n<p>Chansons et musique irlandaise<br><em>Organisation Pennarpig \u2013 Prix&nbsp;: 7\u20ac<\/em><\/p>\n\n\n\n<p><em>Aozet gant \/ Organisation : Ti ar Vro, Pennarpig, Kreizenn ar Son, Kerjava, le Comit\u00e9 des F\u00eates, l&rsquo;Amicale La\u00efque, Pilgerc&rsquo;h, la biblioth\u00e8que, le Rage Central, la ludoth\u00e8que, les commer\u00e7ants, le soutien de la mairie et la participation de nombreux artistes.<\/em><\/p>\n","protected":false},"excerpt":{"rendered":"<p>Evel bep bloaz oc&rsquo;h pedet da Gawan evit Gouelio\u00f9 Nedeleg ar barrouz. Plijadur a vo. Sellit eus ar programm ama\u00f1 dindan ! Comme chaque ann\u00e9e maintenant, les associations, les commer\u00e7ants,&#8230; <a href=\"https:\/\/www.tiarvro22.bzh\/index.php\/2025\/12\/02\/cavan-fete-noel-goueliou-nedeleg-kawan-programme-decembre-2025-janvier-2026\/\">da heul &raquo;<\/a><\/p>\n","protected":false},"author":1,"featured_media":3598,"comment_status":"open","ping_status":"open","sticky":false,"template":"","format":"standard","meta":{"footnotes":""},"categories":[1],"tags":[],"class_list":["post-3597","post","type-post","status-publish","format-standard","has-post-thumbnail","hentry","category-non-classe"],"views":353,"_links":{"self":[{"href":"https:\/\/www.tiarvro22.bzh\/index.php\/wp-json\/wp\/v2\/posts\/3597","targetHints":{"allow":["GET"]}}],"collection":[{"href":"https:\/\/www.tiarvro22.bzh\/index.php\/wp-json\/wp\/v2\/posts"}],"about":[{"href":"https:\/\/www.tiarvro22.bzh\/index.php\/wp-json\/wp\/v2\/types\/post"}],"author":[{"embeddable":true,"href":"https:\/\/www.tiarvro22.bzh\/index.php\/wp-json\/wp\/v2\/users\/1"}],"replies":[{"embeddable":true,"href":"https:\/\/www.tiarvro22.bzh\/index.php\/wp-json\/wp\/v2\/comments?post=3597"}],"version-history":[{"count":1,"href":"https:\/\/www.tiarvro22.bzh\/index.php\/wp-json\/wp\/v2\/posts\/3597\/revisions"}],"predecessor-version":[{"id":3599,"href":"https:\/\/www.tiarvro22.bzh\/index.php\/wp-json\/wp\/v2\/posts\/3597\/revisions\/3599"}],"wp:featuredmedia":[{"embeddable":true,"href":"https:\/\/www.tiarvro22.bzh\/index.php\/wp-json\/wp\/v2\/media\/3598"}],"wp:attachment":[{"href":"https:\/\/www.tiarvro22.bzh\/index.php\/wp-json\/wp\/v2\/media?parent=3597"}],"wp:term":[{"taxonomy":"category","embeddable":true,"href":"https:\/\/www.tiarvro22.bzh\/index.php\/wp-json\/wp\/v2\/categories?post=3597"},{"taxonomy":"post_tag","embeddable":true,"href":"https:\/\/www.tiarvro22.bzh\/index.php\/wp-json\/wp\/v2\/tags?post=3597"}],"curies":[{"name":"wp","href":"https:\/\/api.w.org\/{rel}","templated":true}]}}