{"id":3655,"date":"2025-12-05T16:24:58","date_gmt":"2025-12-05T15:24:58","guid":{"rendered":"https:\/\/www.tiarvro22.bzh\/?p=3655"},"modified":"2025-12-05T16:24:59","modified_gmt":"2025-12-05T15:24:59","slug":"cabaret-de-noel-tinka-et-bod-19-12","status":"publish","type":"post","link":"https:\/\/www.tiarvro22.bzh\/index.php\/2025\/12\/05\/cabaret-de-noel-tinka-et-bod-19-12\/","title":{"rendered":"Cabaret de No\u00ebl : Tinka et Bod 19.12"},"content":{"rendered":"\n<p>A l&rsquo;occasion des f\u00eates de No\u00ebl de Cavan, Ti ar Vro et Kerjava s&rsquo;associent pour l&rsquo;organisation d&rsquo;un cabaret de No\u00ebl laissant la part belle \u00e0 l&rsquo;expression de la jeunesse musicale bretonne.<\/p>\n\n\n\n<p><strong>Tinka <\/strong>est un ensemble \u00e0 g\u00e9om\u00e9trie variable qui revisite les chants populaires du Pays basque en dialogue avec les traditions musicales du Kurdistan, de la Nubie, de la Bretagne ou encore de la Turquie. Le projet fait r\u00e9sonner des r\u00e9cits \u00e9piques qui racontent l\u2019oppression et l\u2019affirmation des identit\u00e9s culturelles. Litanies, berceuses et danses ent\u00eatantes s\u2019entrelacent au son de la voix, du violoncelle, du lavta et des percussions. Port\u00e9 par la langue basque, le groupe c\u00e9l\u00e8bre la diversit\u00e9 culturelle et fait revivre le Pays basque de nos&nbsp;grands-parents, marqu\u00e9 par la dictature franquiste.<\/p>\n\n\n\n<p>Le chant \u00e0 travers les si\u00e8cles. Un chemin tiss\u00e9 \u00e0 travers les \u00e2ges, source d\u2019inspiration universelle. <strong>BOD<\/strong>, par son souffle et ses cordes, chante son besoin d\u2019expression et de libert\u00e9 vous unifiant sur cette grande voie \u00e0 l&rsquo;aide d&rsquo;un puissant alliage.<\/p>\n\n\n\n<p>Gwennan Rault, Solen Lasbleiz, Matthias Pungier et Thomas Eveilleau composent ce quartet \u00e9tonnant. Nourri par des inspirations diverses, BOD s\u2019ancre dans la musique traditionnelle bretonne.&nbsp;<\/p>\n\n\n\n<p><em>\u201cAussi \u00e9lev\u00e9 que soit l\u2019arbre, ses feuilles tombent toujours vers la racine.\u201d<\/em>&nbsp;&nbsp;BOD vous entra\u00eene ind\u00e9niablement dans la transe.<\/p>\n\n\n\n<p>Vendredi 19 d\u00e9cembre<br>Salle des f\u00eates de Cavan &#8211; 20h30 &#8211; 10\u20ac<\/p>\n","protected":false},"excerpt":{"rendered":"<p>A l&rsquo;occasion des f\u00eates de No\u00ebl de Cavan, Ti ar Vro et Kerjava s&rsquo;associent pour l&rsquo;organisation d&rsquo;un cabaret de No\u00ebl laissant la part belle \u00e0 l&rsquo;expression de la jeunesse musicale&#8230; <a href=\"https:\/\/www.tiarvro22.bzh\/index.php\/2025\/12\/05\/cabaret-de-noel-tinka-et-bod-19-12\/\">da heul &raquo;<\/a><\/p>\n","protected":false},"author":1,"featured_media":3656,"comment_status":"open","ping_status":"open","sticky":false,"template":"","format":"standard","meta":{"footnotes":""},"categories":[1],"tags":[],"class_list":["post-3655","post","type-post","status-publish","format-standard","has-post-thumbnail","hentry","category-non-classe"],"views":308,"_links":{"self":[{"href":"https:\/\/www.tiarvro22.bzh\/index.php\/wp-json\/wp\/v2\/posts\/3655","targetHints":{"allow":["GET"]}}],"collection":[{"href":"https:\/\/www.tiarvro22.bzh\/index.php\/wp-json\/wp\/v2\/posts"}],"about":[{"href":"https:\/\/www.tiarvro22.bzh\/index.php\/wp-json\/wp\/v2\/types\/post"}],"author":[{"embeddable":true,"href":"https:\/\/www.tiarvro22.bzh\/index.php\/wp-json\/wp\/v2\/users\/1"}],"replies":[{"embeddable":true,"href":"https:\/\/www.tiarvro22.bzh\/index.php\/wp-json\/wp\/v2\/comments?post=3655"}],"version-history":[{"count":1,"href":"https:\/\/www.tiarvro22.bzh\/index.php\/wp-json\/wp\/v2\/posts\/3655\/revisions"}],"predecessor-version":[{"id":3657,"href":"https:\/\/www.tiarvro22.bzh\/index.php\/wp-json\/wp\/v2\/posts\/3655\/revisions\/3657"}],"wp:featuredmedia":[{"embeddable":true,"href":"https:\/\/www.tiarvro22.bzh\/index.php\/wp-json\/wp\/v2\/media\/3656"}],"wp:attachment":[{"href":"https:\/\/www.tiarvro22.bzh\/index.php\/wp-json\/wp\/v2\/media?parent=3655"}],"wp:term":[{"taxonomy":"category","embeddable":true,"href":"https:\/\/www.tiarvro22.bzh\/index.php\/wp-json\/wp\/v2\/categories?post=3655"},{"taxonomy":"post_tag","embeddable":true,"href":"https:\/\/www.tiarvro22.bzh\/index.php\/wp-json\/wp\/v2\/tags?post=3655"}],"curies":[{"name":"wp","href":"https:\/\/api.w.org\/{rel}","templated":true}]}}