{"id":3921,"date":"2026-04-27T09:50:30","date_gmt":"2026-04-27T07:50:30","guid":{"rendered":"https:\/\/www.tiarvro22.bzh\/?p=3921"},"modified":"2026-04-24T09:51:22","modified_gmt":"2026-04-24T07:51:22","slug":"redadegig-des-enfants-le-07-mai-a-lannion","status":"publish","type":"post","link":"https:\/\/www.tiarvro22.bzh\/index.php\/2026\/04\/27\/redadegig-des-enfants-le-07-mai-a-lannion\/","title":{"rendered":"Redadegig des enfants le 07 mai \u00e0 Lannion"},"content":{"rendered":"\n<p>Ar bloaz e degemero Lannuon loc&rsquo;ha\u00f1 ar Redadeg ! Da kregi\u00f1 barzh e vo kinniget gant Ti ar Vro ha K\u00ear Lannuon, ur Redadegig d&rsquo;ar Yaou 0 a viz Mae evit toud skolio\u00f9 Bro Lannuon. Sinema e brezhoneg a vo eus beure, pik-nik ha kanaouenno\u00f9 da greizteiz all asambles, Redadegig evit pep kelc&rsquo;hiad e park Stez Anna goude kreizteiz. Un devezh kaer evit an holl bugale.<\/p>\n\n\n\n<p><em>Cette ann\u00e9e, la ville de Lannion accueillera le d\u00e9part r\u00e9gional de la Redadeg. Afin de lancer les hostilit\u00e9s, Ti ar Vro et la ville s&rsquo;associent pour proposer une \u00ab\u00a0Redadeg des enfants\u00a0\u00bb le jeudi 07 mai. Au programme : cin\u00e9ma en breton aux Baladins de Lannion le matin, pique-nique et chansons \u00e0 l&rsquo;heure de midi, Redadeg des \u00e9coles dans le Parc Ste-Anne l&rsquo;apr\u00e8s-midi. Plijadur &lsquo;vo !<\/em><\/p>\n","protected":false},"excerpt":{"rendered":"<p>Ar bloaz e degemero Lannuon loc&rsquo;ha\u00f1 ar Redadeg ! Da kregi\u00f1 barzh e vo kinniget gant Ti ar Vro ha K\u00ear Lannuon, ur Redadegig d&rsquo;ar Yaou 0 a viz Mae&#8230; <a href=\"https:\/\/www.tiarvro22.bzh\/index.php\/2026\/04\/27\/redadegig-des-enfants-le-07-mai-a-lannion\/\">da heul &raquo;<\/a><\/p>\n","protected":false},"author":1,"featured_media":3922,"comment_status":"open","ping_status":"open","sticky":false,"template":"","format":"standard","meta":{"footnotes":""},"categories":[1],"tags":[],"class_list":["post-3921","post","type-post","status-publish","format-standard","has-post-thumbnail","hentry","category-non-classe"],"views":5,"_links":{"self":[{"href":"https:\/\/www.tiarvro22.bzh\/index.php\/wp-json\/wp\/v2\/posts\/3921","targetHints":{"allow":["GET"]}}],"collection":[{"href":"https:\/\/www.tiarvro22.bzh\/index.php\/wp-json\/wp\/v2\/posts"}],"about":[{"href":"https:\/\/www.tiarvro22.bzh\/index.php\/wp-json\/wp\/v2\/types\/post"}],"author":[{"embeddable":true,"href":"https:\/\/www.tiarvro22.bzh\/index.php\/wp-json\/wp\/v2\/users\/1"}],"replies":[{"embeddable":true,"href":"https:\/\/www.tiarvro22.bzh\/index.php\/wp-json\/wp\/v2\/comments?post=3921"}],"version-history":[{"count":1,"href":"https:\/\/www.tiarvro22.bzh\/index.php\/wp-json\/wp\/v2\/posts\/3921\/revisions"}],"predecessor-version":[{"id":3923,"href":"https:\/\/www.tiarvro22.bzh\/index.php\/wp-json\/wp\/v2\/posts\/3921\/revisions\/3923"}],"wp:featuredmedia":[{"embeddable":true,"href":"https:\/\/www.tiarvro22.bzh\/index.php\/wp-json\/wp\/v2\/media\/3922"}],"wp:attachment":[{"href":"https:\/\/www.tiarvro22.bzh\/index.php\/wp-json\/wp\/v2\/media?parent=3921"}],"wp:term":[{"taxonomy":"category","embeddable":true,"href":"https:\/\/www.tiarvro22.bzh\/index.php\/wp-json\/wp\/v2\/categories?post=3921"},{"taxonomy":"post_tag","embeddable":true,"href":"https:\/\/www.tiarvro22.bzh\/index.php\/wp-json\/wp\/v2\/tags?post=3921"}],"curies":[{"name":"wp","href":"https:\/\/api.w.org\/{rel}","templated":true}]}}