{"id":3952,"date":"2026-04-27T07:35:17","date_gmt":"2026-04-27T05:35:17","guid":{"rendered":"https:\/\/www.tiarvro22.bzh\/?p=3952"},"modified":"2026-04-27T07:35:17","modified_gmt":"2026-04-27T05:35:17","slug":"faltazi-mae-mois-de-la-culture-bretonne-a-lannion","status":"publish","type":"post","link":"https:\/\/www.tiarvro22.bzh\/index.php\/2026\/04\/27\/faltazi-mae-mois-de-la-culture-bretonne-a-lannion\/","title":{"rendered":"Faltazi mae : mois de la culture bretonne \u00e0 Lannion"},"content":{"rendered":"\n<p>En mai, faites le plein de culture bretonne ! <img decoding=\"async\" height=\"16\" width=\"16\" alt=\"\ud83e\ude95\" src=\"https:\/\/static.xx.fbcdn.net\/images\/emoji.php\/v9\/td5\/1\/16\/1fa95.png\"><\/p>\n\n\n\n<p>Faltazi Mae propose un \u00e9clairage vivant et contemporain sur la Bretagne d\u2019hier et d\u2019aujourd\u2019hui.<\/p>\n\n\n\n<p>Cette ann\u00e9e, focus autour du 100e anniversaire de la mort d\u2019Anatole Le Braz, avec une exposition qui invite \u00e0 red\u00e9couvrir le territoire tr\u00e9gorois \u00e0 travers le regard de l&rsquo;\u00e9crivain. Il y aura aussi une conf\u00e9rence, un spectacle, des animations \u00e0 la m\u00e9diath\u00e8que, le d\u00e9part de la Redadeg et ses animations, un concert au Carr\u00e9 Magique, et bien entendu le Printemps des Sonneurs, qui revient les 23 et 24 mai au centre-ville.<\/p>\n\n\n\n<p><img decoding=\"async\" height=\"16\" width=\"16\" alt=\"\ud83d\udc49\" src=\"https:\/\/static.xx.fbcdn.net\/images\/emoji.php\/v9\/t51\/1\/16\/1f449.png\"> Toute la programmation est en ligne sur <a href=\"https:\/\/swll.to\/faltazi-mae?fbclid=IwZXh0bgNhZW0CMTAAYnJpZBEwNktXVUNiaG5YMHBDUjhxUXNydGMGYXBwX2lkEDIyMjAzOTE3ODgyMDA4OTIAAR68vc8vKxKJTV2DzbC9hoizP4zWyhWQwfWQjfBDhjJgOLkxCrIch0vLLVXhYA_aem_vQgxQBr6Mk30SR2-Z4Eyww\" rel=\"noreferrer noopener\" target=\"_blank\">https:\/\/swll.to\/faltazi-mae<\/a><\/p>\n","protected":false},"excerpt":{"rendered":"<p>En mai, faites le plein de culture bretonne ! Faltazi Mae propose un \u00e9clairage vivant et contemporain sur la Bretagne d\u2019hier et d\u2019aujourd\u2019hui. Cette ann\u00e9e, focus autour du 100e anniversaire&#8230; <a href=\"https:\/\/www.tiarvro22.bzh\/index.php\/2026\/04\/27\/faltazi-mae-mois-de-la-culture-bretonne-a-lannion\/\">da heul &raquo;<\/a><\/p>\n","protected":false},"author":1,"featured_media":3953,"comment_status":"open","ping_status":"open","sticky":false,"template":"","format":"standard","meta":{"footnotes":""},"categories":[1],"tags":[],"class_list":["post-3952","post","type-post","status-publish","format-standard","has-post-thumbnail","hentry","category-non-classe"],"views":6,"_links":{"self":[{"href":"https:\/\/www.tiarvro22.bzh\/index.php\/wp-json\/wp\/v2\/posts\/3952","targetHints":{"allow":["GET"]}}],"collection":[{"href":"https:\/\/www.tiarvro22.bzh\/index.php\/wp-json\/wp\/v2\/posts"}],"about":[{"href":"https:\/\/www.tiarvro22.bzh\/index.php\/wp-json\/wp\/v2\/types\/post"}],"author":[{"embeddable":true,"href":"https:\/\/www.tiarvro22.bzh\/index.php\/wp-json\/wp\/v2\/users\/1"}],"replies":[{"embeddable":true,"href":"https:\/\/www.tiarvro22.bzh\/index.php\/wp-json\/wp\/v2\/comments?post=3952"}],"version-history":[{"count":1,"href":"https:\/\/www.tiarvro22.bzh\/index.php\/wp-json\/wp\/v2\/posts\/3952\/revisions"}],"predecessor-version":[{"id":3954,"href":"https:\/\/www.tiarvro22.bzh\/index.php\/wp-json\/wp\/v2\/posts\/3952\/revisions\/3954"}],"wp:featuredmedia":[{"embeddable":true,"href":"https:\/\/www.tiarvro22.bzh\/index.php\/wp-json\/wp\/v2\/media\/3953"}],"wp:attachment":[{"href":"https:\/\/www.tiarvro22.bzh\/index.php\/wp-json\/wp\/v2\/media?parent=3952"}],"wp:term":[{"taxonomy":"category","embeddable":true,"href":"https:\/\/www.tiarvro22.bzh\/index.php\/wp-json\/wp\/v2\/categories?post=3952"},{"taxonomy":"post_tag","embeddable":true,"href":"https:\/\/www.tiarvro22.bzh\/index.php\/wp-json\/wp\/v2\/tags?post=3952"}],"curies":[{"name":"wp","href":"https:\/\/api.w.org\/{rel}","templated":true}]}}