{"id":4018,"date":"2026-09-02T16:48:00","date_gmt":"2026-09-02T14:48:00","guid":{"rendered":"https:\/\/www.tiarvro22.bzh\/?p=4018"},"modified":"2026-08-24T17:57:41","modified_gmt":"2026-08-24T15:57:41","slug":"1ere-causeries-de-ti-ar-vro-mercredi-16-septembreistoria-dun-sauvatjot-histoire-dune-enfance-occitane-sergi-carles-16-09","status":"publish","type":"post","link":"https:\/\/www.tiarvro22.bzh\/index.php\/2026\/09\/02\/1ere-causeries-de-ti-ar-vro-mercredi-16-septembreistoria-dun-sauvatjot-histoire-dune-enfance-occitane-sergi-carles-16-09\/","title":{"rendered":"1\u00e8re causeries de Ti ar Vro, Mercredi 16 septembre Ist\u00f2ria d\u2019un sauvatj\u00f2t \/ Histoire d&rsquo;une enfance occitane &#8211; S\u00e8rgi Carles. 16\/09"},"content":{"rendered":"\n<p>La biblioth\u00e8que langue bretonne du d\u00e9partement des C\u00f4tes d&rsquo;Armor et Ti ar Vro red\u00e9marre leur cycle de causeries mensuelles. Ce mercredi 16 septembre, S\u00e8rgi Carles viendra nous parler de son enfance occitane, de la d\u00e9couverte de sa langue en m\u00eame temps que la mutation des campagnes et sa disparition progressive. A travers son exp\u00e9rience et son v\u00e9cu occitan, il nous sera permis de faire le parall\u00e8le avec la langue bretonne, sa transmission, son histoire, sa survivance.<\/p>\n\n\n\n<p><strong>\u00ab\u00a0<\/strong>L&rsquo;enfant qu&rsquo;a \u00e9t\u00e9 Serge Carels n&rsquo;\u00e9tait pas du tout un petit sauvage. Au contraire, il a \u00e9t\u00e9 un des derniers rejetons d&rsquo;une culture, d&rsquo;une \u00e9poque, avec ses fa\u00e7ons de travailler et de vivre, ses codes, ses rites, sa langue.&nbsp;Le monde et son monde, celui des ann\u00e9es 1950-60 \u00e9tait en train de changer dans tous les domaines. Le vieux Rouergue se modernisait, s&rsquo;ouvrait et plongeait dans la diglossie. Le \u00ab\u00a0patois\u00a0\u00bb occitan \u00e9tait encore majoritaire mais le fran\u00e7ais gagnait petit \u00e0 petit.\u00a0\u00bb<\/p>\n\n\n\n<p>N\u00e9 en Aveyron en 1950. S\u00e8rgi Carles a \u00e9t\u00e9 enseignant puis ma\u00eetre formateur d&rsquo;occitan, auteur d&rsquo;un recueil <em>Po\u00e8mas d\u2019amor e de m\u00f2rt<\/em> (Vent Terral, 1982), d&rsquo;outils p\u00e9dagogiques et de nombreuses traductions litt\u00e9raires, pour enfants, jeunes et adultes.<\/p>\n\n\n\n<p><em>Ti ar Vro \u00e0 Cavan &#8211; Mercredi 16 septembre 20h30<br>Gratuit &#8211; En fran\u00e7ais<\/em><\/p>\n","protected":false},"excerpt":{"rendered":"<p>La biblioth\u00e8que langue bretonne du d\u00e9partement des C\u00f4tes d&rsquo;Armor et Ti ar Vro red\u00e9marre leur cycle de causeries mensuelles. Ce mercredi 16 septembre, S\u00e8rgi Carles viendra nous parler de son&#8230; <a href=\"https:\/\/www.tiarvro22.bzh\/index.php\/2026\/09\/02\/1ere-causeries-de-ti-ar-vro-mercredi-16-septembreistoria-dun-sauvatjot-histoire-dune-enfance-occitane-sergi-carles-16-09\/\">da heul &raquo;<\/a><\/p>\n","protected":false},"author":1,"featured_media":4019,"comment_status":"open","ping_status":"open","sticky":false,"template":"","format":"standard","meta":{"footnotes":""},"categories":[1],"tags":[],"class_list":["post-4018","post","type-post","status-publish","format-standard","has-post-thumbnail","hentry","category-non-classe"],"views":2,"_links":{"self":[{"href":"https:\/\/www.tiarvro22.bzh\/index.php\/wp-json\/wp\/v2\/posts\/4018","targetHints":{"allow":["GET"]}}],"collection":[{"href":"https:\/\/www.tiarvro22.bzh\/index.php\/wp-json\/wp\/v2\/posts"}],"about":[{"href":"https:\/\/www.tiarvro22.bzh\/index.php\/wp-json\/wp\/v2\/types\/post"}],"author":[{"embeddable":true,"href":"https:\/\/www.tiarvro22.bzh\/index.php\/wp-json\/wp\/v2\/users\/1"}],"replies":[{"embeddable":true,"href":"https:\/\/www.tiarvro22.bzh\/index.php\/wp-json\/wp\/v2\/comments?post=4018"}],"version-history":[{"count":2,"href":"https:\/\/www.tiarvro22.bzh\/index.php\/wp-json\/wp\/v2\/posts\/4018\/revisions"}],"predecessor-version":[{"id":4042,"href":"https:\/\/www.tiarvro22.bzh\/index.php\/wp-json\/wp\/v2\/posts\/4018\/revisions\/4042"}],"wp:featuredmedia":[{"embeddable":true,"href":"https:\/\/www.tiarvro22.bzh\/index.php\/wp-json\/wp\/v2\/media\/4019"}],"wp:attachment":[{"href":"https:\/\/www.tiarvro22.bzh\/index.php\/wp-json\/wp\/v2\/media?parent=4018"}],"wp:term":[{"taxonomy":"category","embeddable":true,"href":"https:\/\/www.tiarvro22.bzh\/index.php\/wp-json\/wp\/v2\/categories?post=4018"},{"taxonomy":"post_tag","embeddable":true,"href":"https:\/\/www.tiarvro22.bzh\/index.php\/wp-json\/wp\/v2\/tags?post=4018"}],"curies":[{"name":"wp","href":"https:\/\/api.w.org\/{rel}","templated":true}]}}