{"id":4055,"date":"2026-09-05T11:55:20","date_gmt":"2026-09-05T09:55:20","guid":{"rendered":"https:\/\/www.tiarvro22.bzh\/?p=4055"},"modified":"2026-08-26T11:56:16","modified_gmt":"2026-08-26T09:56:16","slug":"abadenn-concert-baleer-bro-cavan-18-09","status":"publish","type":"post","link":"https:\/\/www.tiarvro22.bzh\/index.php\/2026\/09\/05\/abadenn-concert-baleer-bro-cavan-18-09\/","title":{"rendered":"Abadenn \/ Concert Baleer Bro &#8211; Cavan 18.09"},"content":{"rendered":"\n<p>Kanaouenno\u00f9 bet dastumet en brezhoneg e-kerzh an 19vet kantved en ur stumm a-vrema\u00f1<\/p>\n\n\n\n<p>* * * * * * * * * * *<\/p>\n\n\n\n<p>Mise en musique et chants de lecture contemporaine des r\u00e9cits collect\u00e9s par le po\u00e8te dans le Tr\u00e9gor rural du XIX\u00e8me si\u00e8cle par Fran\u00e7ois-Marie Luzel.<br><br>Baleer Bro : Kaourantin le Davay (kan\/chant), Jean-luc Thomas (soner fle\u00fcto\u00f9 a-dreuz ha mekaniko\u00f9\/fl\u00fbte traversi\u00e8re&#8230;) , Gabriel Faure (soner violon, soner mandol ha mekaniko\u00f9\/violon, mandoline&#8230;)<\/p>\n\n\n\n<p><em>Kreizenn ar Son, vendredi 18 septembre \u00e0 20h30<\/em><\/p>\n","protected":false},"excerpt":{"rendered":"<p>Kanaouenno\u00f9 bet dastumet en brezhoneg e-kerzh an 19vet kantved en ur stumm a-vrema\u00f1 * * * * * * * * * * * Mise en musique et chants de&#8230; <a href=\"https:\/\/www.tiarvro22.bzh\/index.php\/2026\/09\/05\/abadenn-concert-baleer-bro-cavan-18-09\/\">da heul &raquo;<\/a><\/p>\n","protected":false},"author":1,"featured_media":4056,"comment_status":"open","ping_status":"open","sticky":false,"template":"","format":"standard","meta":{"footnotes":""},"categories":[1],"tags":[],"class_list":["post-4055","post","type-post","status-publish","format-standard","has-post-thumbnail","hentry","category-non-classe"],"views":6,"_links":{"self":[{"href":"https:\/\/www.tiarvro22.bzh\/index.php\/wp-json\/wp\/v2\/posts\/4055","targetHints":{"allow":["GET"]}}],"collection":[{"href":"https:\/\/www.tiarvro22.bzh\/index.php\/wp-json\/wp\/v2\/posts"}],"about":[{"href":"https:\/\/www.tiarvro22.bzh\/index.php\/wp-json\/wp\/v2\/types\/post"}],"author":[{"embeddable":true,"href":"https:\/\/www.tiarvro22.bzh\/index.php\/wp-json\/wp\/v2\/users\/1"}],"replies":[{"embeddable":true,"href":"https:\/\/www.tiarvro22.bzh\/index.php\/wp-json\/wp\/v2\/comments?post=4055"}],"version-history":[{"count":1,"href":"https:\/\/www.tiarvro22.bzh\/index.php\/wp-json\/wp\/v2\/posts\/4055\/revisions"}],"predecessor-version":[{"id":4057,"href":"https:\/\/www.tiarvro22.bzh\/index.php\/wp-json\/wp\/v2\/posts\/4055\/revisions\/4057"}],"wp:featuredmedia":[{"embeddable":true,"href":"https:\/\/www.tiarvro22.bzh\/index.php\/wp-json\/wp\/v2\/media\/4056"}],"wp:attachment":[{"href":"https:\/\/www.tiarvro22.bzh\/index.php\/wp-json\/wp\/v2\/media?parent=4055"}],"wp:term":[{"taxonomy":"category","embeddable":true,"href":"https:\/\/www.tiarvro22.bzh\/index.php\/wp-json\/wp\/v2\/categories?post=4055"},{"taxonomy":"post_tag","embeddable":true,"href":"https:\/\/www.tiarvro22.bzh\/index.php\/wp-json\/wp\/v2\/tags?post=4055"}],"curies":[{"name":"wp","href":"https:\/\/api.w.org\/{rel}","templated":true}]}}