{"id":4097,"date":"2026-08-31T12:01:33","date_gmt":"2026-08-31T10:01:33","guid":{"rendered":"https:\/\/www.tiarvro22.bzh\/?p=4097"},"modified":"2026-08-31T12:01:33","modified_gmt":"2026-08-31T10:01:33","slug":"stal-kan-kawan-cest-la-rentree","status":"publish","type":"post","link":"https:\/\/www.tiarvro22.bzh\/index.php\/2026\/08\/31\/stal-kan-kawan-cest-la-rentree\/","title":{"rendered":"Stal Kan Kawan : c&rsquo;est la rentr\u00e9e"},"content":{"rendered":"\n<p>Le Stal Kan Kawan organise des ateliers de chant, principalement des chants \u00e0 danser, en kan ha diskan ou dans la ronde, en breton, en gallo ou en fran\u00e7ais.\u00a0<br>C&rsquo;est ouvert \u00e0 tous et il n\u2019est pas indispensable de conna\u00eetre le breton, mais c\u2019est un plus. Les bretonnants confirm\u00e9s aident \u00e0 la compr\u00e9hension des textes et \u00e0 la prononciation en l\u2019absence d\u2019intervenants.\u00a0<br>Une fois par trimestre, un intervenant vient apprendre de nouveaux chants et de nouvelles m\u00e9lodies, et donne aussi des conseils sur l&rsquo;interpr\u00e9tation.\u00a0\u00a0<br>Les participants du Stal Kan chantent dans les festo\u00f9-noz traditionnels organis\u00e9s par le Centre de d\u00e9couverte du son les premiers vendredis des mois pairs, d\u2019octobre \u00e0 juin, en compagnie de 2-3 couples de sonneurs et 2 couples de chanteurs confirm\u00e9s.\u00a0<br>La participation est de 10\u20ac (adh\u00e9sion conjointe au Centre de d\u00e9couverte du Son et au Stal Kan). Les ateliers ont lieu les lundis soir \u00e0 18h30 de septembre \u00e0 juin.\u00a0<br>Premi\u00e8re date : lundi 14 septembre. C&rsquo;est Awen Prigent qui d\u00e9marrera la saison en venant le 21 septembre et le 12 octobre.<\/p>\n\n\n\n<ul class=\"wp-block-list\">\n<li>* * * * * * * * * *<br>Bep lun \u2018vez kinniget gant Stal Kan Kawan emgavio\u00f9 evit deski\u00f1 ha pleustri\u00f1 kanaouenno\u00f9, e brezhoneg alies met ivez e gallaoueg pe e galleg.\u00a0<br>Desket e vez kan da za\u00f1sal, pa vefe kan-ha-diskan pe kan \u2018ba\u2019 an da\u00f1s, gwerzio\u00f9, sonio\u00f9\u2026 Digor eo d\u2019an holl, n\u2019eo ket ret kaozeal brezhoneg, met eveljust d\u2019ar vrezhonegerien vo aesoc\u2019h. Labouret \u2018vez asambles war an testenno\u00f9 hag an distagadur.\u00a0<br>Bep daou pe tri miz \u2018vez pedet un den barrek war ar c\u2019han da gas en-dro an abadenn gant ar pal deski\u00f1 kanaouenno\u00f9 nevez, mont war-raok gant ar c\u2019han, ar stumm\u2026\u00a0<br>Tu \u2018vez d\u2019ar Stal kan kana\u00f1 \u2018ba\u2019 ar festo\u00f9-noz aozet gant Kreizenn ar son (bep eil miz adalek miz here, gwener kenta\u00f1 ar miz), pedet \u2018vez ingal asambles gant kanerien daou-ha-daou ha sonerien vrudet.\u00a0<br>10\u20ac evit ar bloaz, bep lun da noz da 6 eur hanter betek 8 eur.\u00a0<br>Kroget vo d\u2019ar 14 a viz Gwengolo. Awen Prigent a deuio d&rsquo;an 21\/09 ha d&rsquo;an 12\/10.\u00a0<\/li>\n<\/ul>\n","protected":false},"excerpt":{"rendered":"<p>Le Stal Kan Kawan organise des ateliers de chant, principalement des chants \u00e0 danser, en kan ha diskan ou dans la ronde, en breton, en gallo ou en fran\u00e7ais.\u00a0C&rsquo;est ouvert&#8230; <a href=\"https:\/\/www.tiarvro22.bzh\/index.php\/2026\/08\/31\/stal-kan-kawan-cest-la-rentree\/\">da heul &raquo;<\/a><\/p>\n","protected":false},"author":1,"featured_media":2760,"comment_status":"open","ping_status":"open","sticky":false,"template":"","format":"standard","meta":{"footnotes":""},"categories":[1],"tags":[],"class_list":["post-4097","post","type-post","status-publish","format-standard","has-post-thumbnail","hentry","category-non-classe"],"views":12,"_links":{"self":[{"href":"https:\/\/www.tiarvro22.bzh\/index.php\/wp-json\/wp\/v2\/posts\/4097","targetHints":{"allow":["GET"]}}],"collection":[{"href":"https:\/\/www.tiarvro22.bzh\/index.php\/wp-json\/wp\/v2\/posts"}],"about":[{"href":"https:\/\/www.tiarvro22.bzh\/index.php\/wp-json\/wp\/v2\/types\/post"}],"author":[{"embeddable":true,"href":"https:\/\/www.tiarvro22.bzh\/index.php\/wp-json\/wp\/v2\/users\/1"}],"replies":[{"embeddable":true,"href":"https:\/\/www.tiarvro22.bzh\/index.php\/wp-json\/wp\/v2\/comments?post=4097"}],"version-history":[{"count":1,"href":"https:\/\/www.tiarvro22.bzh\/index.php\/wp-json\/wp\/v2\/posts\/4097\/revisions"}],"predecessor-version":[{"id":4098,"href":"https:\/\/www.tiarvro22.bzh\/index.php\/wp-json\/wp\/v2\/posts\/4097\/revisions\/4098"}],"wp:featuredmedia":[{"embeddable":true,"href":"https:\/\/www.tiarvro22.bzh\/index.php\/wp-json\/wp\/v2\/media\/2760"}],"wp:attachment":[{"href":"https:\/\/www.tiarvro22.bzh\/index.php\/wp-json\/wp\/v2\/media?parent=4097"}],"wp:term":[{"taxonomy":"category","embeddable":true,"href":"https:\/\/www.tiarvro22.bzh\/index.php\/wp-json\/wp\/v2\/categories?post=4097"},{"taxonomy":"post_tag","embeddable":true,"href":"https:\/\/www.tiarvro22.bzh\/index.php\/wp-json\/wp\/v2\/tags?post=4097"}],"curies":[{"name":"wp","href":"https:\/\/api.w.org\/{rel}","templated":true}]}}