{"id":628,"date":"2020-11-03T18:51:16","date_gmt":"2020-11-03T17:51:16","guid":{"rendered":"http:\/\/www.tiarvro22.bzh\/?p=628"},"modified":"2020-11-03T18:51:17","modified_gmt":"2020-11-03T17:51:17","slug":"yves-menez-et-lideal-jazz-une-sortie-en-vinyle-pour-noel","status":"publish","type":"post","link":"https:\/\/www.tiarvro22.bzh\/index.php\/2020\/11\/03\/yves-menez-et-lideal-jazz-une-sortie-en-vinyle-pour-noel\/","title":{"rendered":"Yves M\u00e9nez et l&rsquo;Id\u00e9al Jazz, une sortie en vinyle pour No\u00ebl"},"content":{"rendered":"\n<p>[ Reconstitution sonore du fameux orchestre d&rsquo;Yves Menez cr\u00e9ateur du style \u00ab\u00a0accord\u00e9on gavotte\u00a0\u00bb]<br>Sortie en vinyle pour No\u00ebl<\/p>\n\n\n\n<p>A l&rsquo;approche de No\u00ebl, L&rsquo;association Dastum Bro-Dreger propose pour tous les amoureux de gavotte et d&rsquo;accord\u00e9on la sortie en vinyle du CD Id\u00e9al Jazz enregistr\u00e9 en 2012 et reconstituant le fameux orchestre d&rsquo;Yves M\u00e9nez. Ce bel objet collector apporte un grain nouveau et vintage au r\u00e9pertoire de l&rsquo;orchestre. A faire tourner d&rsquo;urgence sur sa platine !<br><br><strong>Yves MENEZ dit Pier Min (1905-1983)Anavezet e oa pell \u2018zo evel kaner e-lec\u2019h ma oa ganet e Kreiz Breizh. Met goude e servij soudard e voe ret dezha\u00f1 mont betek Pariz. Deski\u00f1 a reas son gant an akordeo\u00f1s a-raok dont da Skrignag en-dro etre 1935 ha 1948.Savet en deus meur a don da\u00f1s tro (gavotenno\u00f9) a lako yaouankizo\u00f9 ar Menezio\u00f9 Are da frinkal. Laket e voe da grouer ar mod \u00ab akordeo\u00f1s gavotenn \u00bb. Derc\u2019hel a reas gant e hent e-unan pe gant e strollad : an \u00ab Id\u00e9al Jazz \u00bb, un orkestr a sone evit balio\u00f9 pe euredo\u00f9.Ne chom tamm enrolladenn ebet eus ar c\u2019houlz-se. Ha ma \u2018h eo bet adsavet an orkestr eo evit rei\u00f1 buhez d\u2019ar muzik-se en-dro gant ar spi da veza\u00f1 klevet e-mesk an dud c\u2019hoazh. C\u2019hoariet eo bet an tonio\u00f9 hervez o stumm kenta\u00f1 ha soni\u00f1 a ra ar pevar akordeo\u00f1sour brudet kaer e Breizh an ton a-unvouezh pep hini d\u2019e dro gant ar strollad : R\u00e9gis HUIBAN, Jean LE FLOC\u2019H, Yann LE CORRE, ha Patrick LEFEBVRE a lako ac\u2019hanoc\u2019h da sevel ho treid e-barzh an da\u00f1s !<\/strong><br><br>Dans son aire d\u2019origine, aux confins de la Cornouaille et du Tr\u00e9gor, il s\u2019\u00e9tait d\u00e9j\u00e0 fait un nom en tant que chanteur, mais \u00e9galement comme compositeur d\u2019un texte de chanson sur \u00ab\u00a0la classe 25\u00a0\u00bb.<br>Ayant quitt\u00e9 sa r\u00e9gion pour Paris, peu apr\u00e8s son service militaire, c\u2019est en accord\u00e9oniste accompli, qu\u2019il reviendra et s\u2019installera \u00e0 Scrignac, y s\u00e9journant de 1935 \u00e0 1948.<br>Virtuose de l\u2019accord\u00e9on musette, compositeur de nombreux th\u00e8mes de da\u00f1s a dro m\u00e2tin\u00e9s de java qui allaient enthousiasmer la jeunesse des Monts d\u2019Arr\u00e9e, Pier Min est consid\u00e9r\u00e9 \u00e0 juste titre comme le cr\u00e9ateur de la gavotte m\u00e9tiss\u00e9e\u00a0: \u00ab\u00a0l\u2019accord\u00e9on gavotte\u00a0\u00bb.<br>Il exercera ses talents en solo, duo ou trio d\u2019accord\u00e9ons, ou au sein de son\u00a0 \u00ab\u00a0jazz band\u00a0\u00bb, \u00ab\u00a0l\u2019Id\u00e9al Jazz\u00a0\u00bb orchestre de noces et de bals.<br>Si ses plus c\u00e9l\u00e8bres compositions ont \u00e9t\u00e9 perp\u00e9tu\u00e9es jusqu\u2019aux ann\u00e9es 90 par ses \u00e9l\u00e8ves ( Jean Coat\u00e9val et Yves Le Gac en particulier ), d\u2019autres seraient d\u00e9finitivement tomb\u00e9es dans l\u2019oubli sans leur notation entre 1942 et 1948 par l\u2019infatigable Polig MONJARRET, ce r\u00e9pertoire \u00e9tant rest\u00e9 in\u00e9dit jusqu\u2019\u00e0 r\u00e9cemment.<br>Il n\u2019existe pas de traces sonores en \u00ab\u00a0situation de jeu\u00a0\u00bb. Les seules se limitent \u00e0 l\u2019enregistrement de quelques th\u00e8mes, dans les ann\u00e9es 1970, destin\u00e9s \u00e0 deux de ses \u00e9l\u00e8ves d\u2019alors.<br>C\u2019est dans l\u2019optique de mise en lumi\u00e8re et \u00e0 disposition \u2013 de l\u2019ensemble du r\u00e9pertoire connu d\u2019Yves Menez, qu\u2019est n\u00e9e l\u2019id\u00e9e de l\u2019enregistrement d\u2019un \u00ab\u00a0jazz band\u00a0\u00bb reconstitu\u00e9, restituant les airs sous leur forme originale avec un jeu \u00e0 l\u2019unisson &#8211; b\u00e2ti autour de quatre accord\u00e9onistes chromatiques actuels, reconnus \u00e0 divers titres comme d\u00e9tenteurs de ce style \u00ab\u00a0accord\u00e9on gavotte\u00a0\u00bb\u00a0: R\u00e9gis HUIBAN &#8211; Jean LE FLOC\u2019H \u2013 Yann LE CORRE \u2013 Patrick LEFEBVRE.<\/p>\n\n\n\n<p><strong>Sonerien ar strollad \/ Musiciens de l&rsquo;orchestre :<\/strong><br>Roland Conq (banjo) &#8211; Gaby Kerdoncuff, Youen Le Cam (trompette, bugle)<br>Timoth\u00e9e Le Bour (saxophone) &#8211; Pierre St\u00e9phan (violon) &#8211; Lo\u00efc Larnicol (batterie)<\/p>\n\n\n\n<p><em>Edition Dastum Bro-Dreger<br>Distribution Coop Breizh 20\u20ac<br><\/em><br><em>Vente en ligne :<\/em><br><em>Boutique : <a href=\"http:\/\/www.dastum.bzh\" data-type=\"URL\" data-id=\"www.dastum.bzh\">www.dastum.bzh<\/a><br>Boutique : <a href=\"http:\/\/www.coop-breizh.fr\" data-type=\"URL\" data-id=\"www.coop-breizh.fr\">www.coop-breizh.fr<\/a><br><\/em><br><em>Par correspondance :<br>20\u20ac (port compris) via Ti ar Vro Treger-Gouelo\u00f9 &#8211; rue Jean Monnet 22140 Cavan &#8211; <a href=\"mailto:contact@tiarvro22.bzh\">contact@tiarvro22.bzh<\/a><br>(Envoie presse sur demande uniquement)<\/em><\/p>\n","protected":false},"excerpt":{"rendered":"<p>[ Reconstitution sonore du fameux orchestre d&rsquo;Yves Menez cr\u00e9ateur du style \u00ab\u00a0accord\u00e9on gavotte\u00a0\u00bb]Sortie en vinyle pour No\u00ebl A l&rsquo;approche de No\u00ebl, L&rsquo;association Dastum Bro-Dreger propose pour tous les amoureux de&#8230; <a href=\"https:\/\/www.tiarvro22.bzh\/index.php\/2020\/11\/03\/yves-menez-et-lideal-jazz-une-sortie-en-vinyle-pour-noel\/\">da heul &raquo;<\/a><\/p>\n","protected":false},"author":1,"featured_media":629,"comment_status":"open","ping_status":"open","sticky":false,"template":"","format":"standard","meta":{"footnotes":""},"categories":[1],"tags":[],"class_list":["post-628","post","type-post","status-publish","format-standard","has-post-thumbnail","hentry","category-non-classe"],"views":1943,"_links":{"self":[{"href":"https:\/\/www.tiarvro22.bzh\/index.php\/wp-json\/wp\/v2\/posts\/628","targetHints":{"allow":["GET"]}}],"collection":[{"href":"https:\/\/www.tiarvro22.bzh\/index.php\/wp-json\/wp\/v2\/posts"}],"about":[{"href":"https:\/\/www.tiarvro22.bzh\/index.php\/wp-json\/wp\/v2\/types\/post"}],"author":[{"embeddable":true,"href":"https:\/\/www.tiarvro22.bzh\/index.php\/wp-json\/wp\/v2\/users\/1"}],"replies":[{"embeddable":true,"href":"https:\/\/www.tiarvro22.bzh\/index.php\/wp-json\/wp\/v2\/comments?post=628"}],"version-history":[{"count":1,"href":"https:\/\/www.tiarvro22.bzh\/index.php\/wp-json\/wp\/v2\/posts\/628\/revisions"}],"predecessor-version":[{"id":630,"href":"https:\/\/www.tiarvro22.bzh\/index.php\/wp-json\/wp\/v2\/posts\/628\/revisions\/630"}],"wp:featuredmedia":[{"embeddable":true,"href":"https:\/\/www.tiarvro22.bzh\/index.php\/wp-json\/wp\/v2\/media\/629"}],"wp:attachment":[{"href":"https:\/\/www.tiarvro22.bzh\/index.php\/wp-json\/wp\/v2\/media?parent=628"}],"wp:term":[{"taxonomy":"category","embeddable":true,"href":"https:\/\/www.tiarvro22.bzh\/index.php\/wp-json\/wp\/v2\/categories?post=628"},{"taxonomy":"post_tag","embeddable":true,"href":"https:\/\/www.tiarvro22.bzh\/index.php\/wp-json\/wp\/v2\/tags?post=628"}],"curies":[{"name":"wp","href":"https:\/\/api.w.org\/{rel}","templated":true}]}}