{"id":71,"date":"2019-12-05T15:02:01","date_gmt":"2019-12-05T14:02:01","guid":{"rendered":"http:\/\/www.tiarvro22.bzh\/?p=71"},"modified":"2019-12-05T15:02:02","modified_gmt":"2019-12-05T14:02:02","slug":"goueliou-nedeleg-kawan-fetes-de-noel-de-cavan-2019","status":"publish","type":"post","link":"https:\/\/www.tiarvro22.bzh\/index.php\/2019\/12\/05\/goueliou-nedeleg-kawan-fetes-de-noel-de-cavan-2019\/","title":{"rendered":"GOUELIOU NEDELEG KAWAN  F\u00eates de No\u00ebl de Cavan 2019"},"content":{"rendered":"\n<p>Evel bep bloaz oc&rsquo;h pedet da Gawan evit Gouelio\u00f9 Nedeleg ar barrouz. Plijadur a vo. sellit eus ar programm ama\u00f1 dindan !<br> <br>Comme chaque ann\u00e9e maintenant, les associations, les commer\u00e7ants, la  mairie, les musiciens\/artistes de Cavan vous donnent rendez-vous pour  les f\u00eates de No\u00ebl. Encore un beau programme en perspective et une belle  affiche qui met, cette ann\u00e9e, en valeur les jeunes commer\u00e7ants de Cavan  autour de Jacqueline pour sa derni\u00e8re soir\u00e9e !<br> <br> <strong>&#8211; Vendredi 06 d\u00e9cembre 2019<\/strong><br> 21h \u2013 FEST-NOZ SONNE &#8211; 4\u20ac<br> <strong>&#8211; Samedi 14 d\u00e9cembre 2019<\/strong><br> 11h\/18h \u2013 MARCH\u00e9 DE NO\u00cbL \u00e0 la Maison des Arts<br> 21h \u2013 CONCERT du groupe Youhadenn + sortie de CD &#8211; 7\u20ac<br> <strong>&#8211; Dimanche 15 d\u00e9cembre 2019<\/strong><br> 10h\/18h \u2013 MARCH\u00e9 DE NO\u00cbL \u00e0 la Maison des Arts<br> <strong>&#8211; Vendredi 20 d\u00e9cembre 2019<\/strong><br> 20h \/ 22h \u2013 LUDO LIRE &#8211; \u00ab\u00a0Pyjama\u00a0party \u00bb \u00e0 partir de 9 ans<br>  20h30 \u2013 CABARET &#8211; musique New Orleans avec le duo Le Bars-Le Dr\u00e9au  suivi du spectacle humoristique \u00ab\u00a0Comptoir de la Bretagne\u00a0\u00bb. 6\u20ac<br> <strong>&#8211; Samedi 21 d\u00e9cembre 2019<\/strong><br> 10h \u2013 \u00ab\u00a0Lecture c\u00e2line\u00a0\u00bb de 0 \u00e0 3 ans \u2013 avec papa, maman et doudou<br> 15h30\/16h30 \u2013 CONTES\u00a0pour petits et grands avec la \u00ab\u00a0Cie Lire \u00e0 Tout Va\u00a0\u00bb<br> 21h \u2013 10\u00e8me FEST-NOZ Tirage au Sort \/ C&rsquo;hoari Sac&rsquo;h<br> Participation de plus d&rsquo;une cinquantaine de musiciens du Tr\u00e9gor tir\u00e9s au sort pour constituer des groupes \u00e9ph\u00e9m\u00e8res. 6\u20ac<br> <strong>&#8211; Dimanche 22 d\u00e9cembre 2019<\/strong><br> 16h \u2013 THE\u00c2TRE &#8211; \u00ab\u00a0Halouga !\u00a0\u00bb &#8211; 3\u20ac<br> 19h \u2013 THE JACQUELINE&rsquo;S NIGHT<br> Francis Jackson Project, les Poules \u00e0 Facettes, mOna<br> <strong>&#8211; Vendredi 27 d\u00e9cembre 2019<\/strong><br> 20h30 \u2013 8\u00e8me soir\u00e9e Kaf\u00e9 PHILO \/ Vin chaud anim\u00e9 par Fran\u00e7ois Bridet<br> et Yves-Marie Moal : \u00ab\u00a0Le pouvoir du(-de la) citoyen.ne est-il une illusion ?<br> <strong>&#8211; Samedi 04 janvier 2020<\/strong><br> 18h &#8211; VOEUX du maire \u00e0 la population<br> <strong>&#8211; Vendredi 10 janvier 2020<\/strong><br> 18h \u2013 TANTAD DE SAPINS DE NO\u00cbL \u2013 VIN CHAUD \u00e0 la salle des f\u00eates<br> 20h30 \u2013 CONCERT \u00e0 Pennarpig avec les duos Egin et Gizman &#8211; 7\u20ac<br> <strong>&#8211; Samedi 11 janvier 2020<\/strong><br> le Nouvel An Berb\u00e8re<br> 9h30 \u2013 STAGE DE CUISINE\u00a0: le couscous du Nouvel An &#8211; 20\u20ac<br> 14h30 \/ 17h\u00a0&#8211; ANIMATION pour les enfants autour de la culture berb\u00e8re &#8211; 5\u20ac<br> 20h30\u00a0&#8211; CONCERTS de musique berb\u00e8re &#8211; Bar chez Fab&rsquo;<br> <strong>&#8211; Dimanche 12 janvier 2020<\/strong><br> 16h\u00a0&#8211; SESSION accoustique. Boeuf de musiques du monde.<br> <strong>&#8211; Vendredi 17 janvier 2020<\/strong><br> 20h30 \u2013 Veill\u00e9e bretonne avec la participation de nombreux sonneurs, chanteurs et musiciens du Tr\u00e9gor. <\/p>\n","protected":false},"excerpt":{"rendered":"<p>Evel bep bloaz oc&rsquo;h pedet da Gawan evit Gouelio\u00f9 Nedeleg ar barrouz. Plijadur a vo. sellit eus ar programm ama\u00f1 dindan ! Comme chaque ann\u00e9e maintenant, les associations, les commer\u00e7ants,&#8230; <a href=\"https:\/\/www.tiarvro22.bzh\/index.php\/2019\/12\/05\/goueliou-nedeleg-kawan-fetes-de-noel-de-cavan-2019\/\">da heul &raquo;<\/a><\/p>\n","protected":false},"author":1,"featured_media":72,"comment_status":"open","ping_status":"open","sticky":false,"template":"","format":"standard","meta":{"footnotes":""},"categories":[4,3,9,2,6],"tags":[],"class_list":["post-71","post","type-post","status-publish","format-standard","has-post-thumbnail","hentry","category-concerts","category-conferences","category-exposition","category-festou-noz","category-veillee"],"views":2725,"_links":{"self":[{"href":"https:\/\/www.tiarvro22.bzh\/index.php\/wp-json\/wp\/v2\/posts\/71","targetHints":{"allow":["GET"]}}],"collection":[{"href":"https:\/\/www.tiarvro22.bzh\/index.php\/wp-json\/wp\/v2\/posts"}],"about":[{"href":"https:\/\/www.tiarvro22.bzh\/index.php\/wp-json\/wp\/v2\/types\/post"}],"author":[{"embeddable":true,"href":"https:\/\/www.tiarvro22.bzh\/index.php\/wp-json\/wp\/v2\/users\/1"}],"replies":[{"embeddable":true,"href":"https:\/\/www.tiarvro22.bzh\/index.php\/wp-json\/wp\/v2\/comments?post=71"}],"version-history":[{"count":1,"href":"https:\/\/www.tiarvro22.bzh\/index.php\/wp-json\/wp\/v2\/posts\/71\/revisions"}],"predecessor-version":[{"id":73,"href":"https:\/\/www.tiarvro22.bzh\/index.php\/wp-json\/wp\/v2\/posts\/71\/revisions\/73"}],"wp:featuredmedia":[{"embeddable":true,"href":"https:\/\/www.tiarvro22.bzh\/index.php\/wp-json\/wp\/v2\/media\/72"}],"wp:attachment":[{"href":"https:\/\/www.tiarvro22.bzh\/index.php\/wp-json\/wp\/v2\/media?parent=71"}],"wp:term":[{"taxonomy":"category","embeddable":true,"href":"https:\/\/www.tiarvro22.bzh\/index.php\/wp-json\/wp\/v2\/categories?post=71"},{"taxonomy":"post_tag","embeddable":true,"href":"https:\/\/www.tiarvro22.bzh\/index.php\/wp-json\/wp\/v2\/tags?post=71"}],"curies":[{"name":"wp","href":"https:\/\/api.w.org\/{rel}","templated":true}]}}