{"id":925,"date":"2021-05-26T10:12:34","date_gmt":"2021-05-26T08:12:34","guid":{"rendered":"http:\/\/www.tiarvro22.bzh\/?p=925"},"modified":"2021-05-26T10:12:35","modified_gmt":"2021-05-26T08:12:35","slug":"manifestadeg-manifestation-guingamp-le-29-05-a-13h30","status":"publish","type":"post","link":"https:\/\/www.tiarvro22.bzh\/index.php\/2021\/05\/26\/manifestadeg-manifestation-guingamp-le-29-05-a-13h30\/","title":{"rendered":"Manifestadeg \/ Manifestation : Guingamp le 29.05 \u00e0 13h30"},"content":{"rendered":"\n<p>D&rsquo;an 29 a viz Mae e tigouezho ar Redadeg e Gwengamp, ur mare gouel eo sa\u00f1set an degouezh-ma\u00f1. Met un doare da stourm evit ar brezhoneg eo ivez ar Redadeg, neuze e pedomp an holl da vont da zibuni\u00f1 evit difenn hor yezh d&rsquo;an devezh-se da 1eur30 e Gwengamp.<br>Al lezenn gouestlet d\u2019ar yezho\u00f9 bro bet savet gant Paul Molac zo bet votet gant holl gannaded Breizh ha degemeret mat gant kalz dilennidi lec\u2019hel. Diskouez a ra ez eo gouest ar vretoned d\u2019en em glevet kenetreze evit difenn ar brezhoneg.<br><br>Gant al lezenn nevez, ma n\u2019eo ket drailhet gant Kuzul ar Vonreizh, e vo tu kre\u00f1vaat plas ar brezhoneg war ar panellerezh, er stad sivil ha dreist-holl arc\u2019hantaoui\u00f1 en ur mod reishoc\u2019h ar skolio\u00f9 Diwan ha lakaat e pleustr ar c\u2019helenn dre soubidigezh er skolio\u00f9 publik ha prevez. Evit lakaat ur yezh da veva\u00f1 ha da veza\u00f1 implijet e tleer diorren ur politikerezh yezh, gant ar vudjed a zere, gant pep strollegezh e pep lec\u2019h e Breizh a-bezh war kement tachenn zo :<br>&#8211; e bed ar vugaligo\u00f9, en deskadurezh, deus ar skol-vamm betek ar skol-veur,<br>&#8211; er mediao\u00f9 hag en embann, er c\u2019hleweled hag er bed niverel,<br>&#8211; er stummadur evit an dud deuet,<br>&#8211; en dudi evit ar re vihan koulz hag an dud deuet,<br>&#8211; en oberenno\u00f9 arzel amatour hag a-vicher,<br>&#8211; en ekonomiezh hag er servij publik.<br><br><strong>Kement se a vo termenet gant ar palio\u00f9 a vo enskrivet en Emglev Stad\/Rannvro diwar-benn hor yezh hag he implij er vuhez foran hag en treuzkas barregezhio\u00f9 da Vreizh.<br>Evit ma vo lakaet palio\u00f9 uhel en emglev Stad-Rannvro, evit nac\u2019ha\u00f1 an tagadenno\u00f9 dizonest aberzh ar gouarnamant kreiz e pedomp ac\u2019hanoc\u2019h da zibuni\u00f1 e Gwengamp d\u2019an 29 a viz Mae evit degouezh ar Redadeg.<\/strong><br>Un nebeud deizio\u00f9 a-raok an dilennadego\u00f9 Rannvro ha Departamant, e tibunimp a-stroll da ziskouez hor c\u2019hoant da welet hor yezh vev o vont war-raok gant ur statud ofisiel<\/p>\n\n\n\n<p>* * * * * * * * * <\/p>\n\n\n\n<p>Le 29 mai la Redadeg arrivera \u00e0 Guingamp lors d&rsquo;un \u00e9v\u00e9nement habituellement festif. Mais la Redadeg est aussi une forme de lutte pour la langue bretonne. C&rsquo;est pourquoi nous appelons \u00e0 une manifestation pour la d\u00e9fense de notre langue ce m\u00eame jour \u00e0 partir de 14h00 \u00e0 la gare de Guingamp.<br>La loi Paul Molac sur les langues dites r\u00e9gionales a \u00e9t\u00e9 vot\u00e9e par l&rsquo; ensemble des d\u00e9put\u00e9s bretons toutes tendances confondues et majoritairement bien accueillie par les \u00e9lus locaux. Cela montre que les bretons sont capables de s&rsquo;unir pour d\u00e9fendre la langue bretonne. \u00a0 Cette nouvelle loi, si elle n&rsquo;est pas invalid\u00e9e par le Conseil Constitutionnel, permettra de renforcer la place de la langue sur les panneaux routiers, \u00e0 l&rsquo;\u00e9tat civil et bien s\u00fbr de financer de mani\u00e8re plus juste les \u00e9coles Diwan et de pratiquer l&rsquo;\u00e9ducation immersive dans les \u00e9coles publiques comme priv\u00e9es. Pour que la langue vive et qu&rsquo;elle soit langue de vie quotidienne il faut mettre en place une politique linguistique ambitieuse avec les moyens financiers ad\u00e9quats, dans chaque collectivit\u00e9 dans toute la Bretagne et dans tous les champs d&rsquo;action : <\/p>\n\n\n\n<p>&#8211; la petite enfance, l&rsquo;\u00e9ducation de la maternelle \u00e0 l&rsquo;universit\u00e9,<br> &#8211; les m\u00e9dias et l&rsquo;\u00e9dition, l&rsquo;audiovisuel et le num\u00e9rique, <br>&#8211; la formation des adultes,<br>&#8211; les loisirs pour les plus petits et les adultes,<br>&#8211; les pratiques culturelles amateures et professionnelles,<br>&#8211; l&rsquo;\u00e9conomie et les services publics. \u00a0<\/p>\n\n\n\n<p>Tout ceci doit \u00eatre clairement sp\u00e9cifi\u00e9 dans les objectifs qui seront inscrits dans la convention Etat\/R\u00e9gion sur la langue bretonne et son utilisation dans la vie publique et le transfert de comp\u00e9tences \u00e0 la Bretagne. \u00a0 <strong>Pour une convention Etat\/R\u00e9gion ambitieuse, pour refuser les attaques injustes de la part du gouvernement nous vous invitons \u00e0 venir manifester \u00e0 Guingamp le 29 mai \u00e0 l&rsquo;occasion de l&rsquo;arriv\u00e9e de la Redadeg.<\/strong> Quelques jours avant les \u00e9lections d\u00e9partementales et r\u00e9gionales, nous d\u00e9filerons pour montrer notre volont\u00e9 de voir notre langue bien vivante se d\u00e9velopper dans le cadre d&rsquo;un statut officiel.<\/p>\n\n\n\n<p><em>Appel sign\u00e9 par de nombreuses associations bretonnes dont : Stumdi, Mervent, Sked, KLT, DAO, Emglev Bro Gwened, Arvorig FM, Banno\u00f9 Heol, Ar Redadeg, KBP-APLB, Emglev Bro An Oriant, Ti Douar Alre, KEAV, Ti ar Vro Landerne-Daoulaz, Mignoned ar brezhoneg, Daoulagad Breizh, Ti ar Vro Gwengamp, Telenn &#8211; Ti ar Vro Sant-Brieg, Ti ar Vro Treger-Gouelo\u00f9, Ai&rsquo;ta!, C&rsquo;hoariva, Keit Vimp Bev, Roudour&#8230;<\/em><\/p>\n","protected":false},"excerpt":{"rendered":"<p>D&rsquo;an 29 a viz Mae e tigouezho ar Redadeg e Gwengamp, ur mare gouel eo sa\u00f1set an degouezh-ma\u00f1. Met un doare da stourm evit ar brezhoneg eo ivez ar Redadeg,&#8230; <a href=\"https:\/\/www.tiarvro22.bzh\/index.php\/2021\/05\/26\/manifestadeg-manifestation-guingamp-le-29-05-a-13h30\/\">da heul &raquo;<\/a><\/p>\n","protected":false},"author":1,"featured_media":926,"comment_status":"open","ping_status":"open","sticky":false,"template":"","format":"standard","meta":{"footnotes":""},"categories":[7],"tags":[],"class_list":["post-925","post","type-post","status-publish","format-standard","has-post-thumbnail","hentry","category-reunion"],"views":1908,"_links":{"self":[{"href":"https:\/\/www.tiarvro22.bzh\/index.php\/wp-json\/wp\/v2\/posts\/925","targetHints":{"allow":["GET"]}}],"collection":[{"href":"https:\/\/www.tiarvro22.bzh\/index.php\/wp-json\/wp\/v2\/posts"}],"about":[{"href":"https:\/\/www.tiarvro22.bzh\/index.php\/wp-json\/wp\/v2\/types\/post"}],"author":[{"embeddable":true,"href":"https:\/\/www.tiarvro22.bzh\/index.php\/wp-json\/wp\/v2\/users\/1"}],"replies":[{"embeddable":true,"href":"https:\/\/www.tiarvro22.bzh\/index.php\/wp-json\/wp\/v2\/comments?post=925"}],"version-history":[{"count":1,"href":"https:\/\/www.tiarvro22.bzh\/index.php\/wp-json\/wp\/v2\/posts\/925\/revisions"}],"predecessor-version":[{"id":927,"href":"https:\/\/www.tiarvro22.bzh\/index.php\/wp-json\/wp\/v2\/posts\/925\/revisions\/927"}],"wp:featuredmedia":[{"embeddable":true,"href":"https:\/\/www.tiarvro22.bzh\/index.php\/wp-json\/wp\/v2\/media\/926"}],"wp:attachment":[{"href":"https:\/\/www.tiarvro22.bzh\/index.php\/wp-json\/wp\/v2\/media?parent=925"}],"wp:term":[{"taxonomy":"category","embeddable":true,"href":"https:\/\/www.tiarvro22.bzh\/index.php\/wp-json\/wp\/v2\/categories?post=925"},{"taxonomy":"post_tag","embeddable":true,"href":"https:\/\/www.tiarvro22.bzh\/index.php\/wp-json\/wp\/v2\/tags?post=925"}],"curies":[{"name":"wp","href":"https:\/\/api.w.org\/{rel}","templated":true}]}}